{"id":168,"date":"2025-11-27T10:55:50","date_gmt":"2025-11-27T10:55:50","guid":{"rendered":"https:\/\/www.suffritti.it\/?p=168"},"modified":"2025-11-28T17:53:56","modified_gmt":"2025-11-28T17:53:56","slug":"larmai-di-famiglia-suffritti-muzii","status":"publish","type":"post","link":"https:\/\/www.suffritti.it\/?p=168","title":{"rendered":"L&#8217;arma araldica della famiglia Suffritti &#8211; Muzii, e alcune idee sparpagliate di araldica"},"content":{"rendered":"\n<p>Primo, chiariamo: se di mestiere fate il Re d&#8217;Arme del collegio pincopallo, tirate dritto. questa roba non \u00e8 per voi, e coniene delle semplificazioni bestiali che hanno lo scopo di fare capire a un p\u00f2 pi\u00f9 di gente due cose in croce di araldica, oltre a presentare l&#8217;araldica di famiglia. Se avete voglia di fare colui che cerca il pelo nell&#8217;uovo, andate altrove. Non \u00e8 gradito.<\/p>\n\n\n\n<p>Detto ci\u00f2, se siete un minimo interessati, eccovi la spiegazione di un mucchio di disegnini <\/p>\n\n\n\n<p>L&#8217;arma di famiglia \u00e8 la summa delle nostre famiglia di origine e parla delle nostre origini: <\/p>\n\n\n\n<p>Suffritti, 1\u00b0 campo, Collini, 2\u00b0 campo, e Muzii, 3\u00b0 campo<\/p>\n\n\n\n<p>La blasonatura \u00e8 la seguente:<\/p>\n\n\n\n<p><strong><em>Scudo semipartito troncato: <\/em><\/strong><br><em><strong>nel 1\u00b0 d\u2019argento, al chiodo di nero posto in banda, accompagnato in capo a destra e in punta a sinistra da due pezze quadrilobe di rosso;<br>nel 2\u00b0 d\u2019azzurro, al monte di due cime di verde movente dalla punta, caricato in faccia da una quercia al naturale; <br>nel 3\u00b0 di rosso, al nodo di Salomone intrecciato di verde e d\u2019argento<\/strong><\/em><\/p>\n\n\n\n<p>Insomma, \u00e8 quel disegno di scudo che vedete nel logo, ma bisogna capire due cose di araldica per capire di cosa stiamo parlando.<\/p>\n\n\n\n<h2 class=\"wp-block-heading\"><strong>Parliamo un p\u00f2 di Araldica<\/strong><\/h2>\n\n\n\n<p>Iniziamo a capire due cose sull&#8217;araldica , cos\u00ec magari ci capiamo meglio<\/p>\n\n\n\n<p>Per esempio che quando si parla di un&#8217;arma familiare, cio\u00e8 il simbolo che rappresenta una famiglia, <strong>non si parla di &#8220;nobilt\u00e0&#8221; o &#8220;essere dei borghesi&#8221;, semplicemente di come venivano identificate le famiglie una volta<\/strong>.<\/p>\n\n\n\n<p>Capiamoci, nel periodo tra la caduta dell&#8217;impero romano fino a quasi tutto il 1900, erano molto pochi quelli che sapevano leggere e scrivere, l&#8217;analfabetismo era la norma, sapere scrivere il proprio nome un privilegio dei sapienti, quindi l&#8217;idea di &#8220;firma&#8221; era &#8230;. come vogliamo metterla gi\u00f9&#8230; Meno presente di oggi?<\/p>\n\n\n\n<p>Ma restava il problema di potere essere identificati in atti, situazioni legali ecc ecc, e per questo nacque l&#8217;araldica. <br>Insomma, identificarsi per &#8220;disegni&#8221; perch\u00e8 in pochi sapevano riconoscere altro.<\/p>\n\n\n\n<p>Chi erano i primi ad avere questo tipo di problema?<\/p>\n\n\n\n<p>Ovviamente chi faceva &#8220;molte cose legali&#8221; come emettere sentenze, stabilire norme, leggi, regolamenti, insomma, per la maggior parte di questo periodo, quelli che oggi chiamiamo &#8220;i nobili&#8221;, che altrettanto normalmente usavano quei &#8220;disegni&#8221; che li identificavano sulla superficie pi\u00f9 ampia del loro &#8220;abbigliamento da lavoro&#8221;, aka &#8220;armatura&#8221;, cio\u00e8&#8230; lo scudo \ud83d\ude00<\/p>\n\n\n\n<p>Da qui il fatto che in tempi molto rapidi questo oggetto venne chiamato &#8220;arma&#8221; (si, hai mai preso una scudata in faccia? lo scudo <strong>E&#8217;<\/strong> un arma e fa un male birichino) ed \u00e8 stato rappresentato sempre &#8220;di fronte&#8221;, cio\u00e8 come lo vedeva la gente &#8220;da fuori&#8221;.<\/p>\n\n\n\n<p class=\"has-medium-font-size\"><strong>Si, ma allora come diavolo firmo?<\/strong><\/p>\n\n\n\n<p>Torniamo al nostro sostituto della firma, serviva qualcosa che rendesse facilmente identificabile il fatto che quella roba l&#8217;avevo firmata io, e possibilmente che potesse dare rapido conto dei tentativi di manomissione, per esempio frantumandosi rapidamente se tentavi di alterarlo. In mano a un analfabeta. In una situazione in cui normalmente uno solo aveva il potere di parlare per tutta la famiglia. <\/p>\n\n\n\n<p>e allora ritorniamo alle origini&#8230;.<\/p>\n\n\n\n<p>C\u2019era una volta, nell\u2019antica Roma, gente che sapeva bene che le chiacchiere volano, ma la cera resta. S\u00ec, perch\u00e9 quando un documento doveva essere \u201cufficiale\u201d, non bastava una firma o una promessa: ci voleva il timbro. E non uno qualunque. Si chiamavano&nbsp;<em><strong>timbri su tavolette cerate<\/strong><\/em>, ed erano l\u2019equivalente romano del \u201cclicca per accettare i termini e condizioni\u201d.<\/p>\n\n\n\n<p>Le tavolette, ricoperte di cera, servivano per scrivere usando uno stilo appuntito. Quando un contratto era chiuso o un testamento sigillato, il timbro \u2013 di bronzo o ferro \u2013 veniva premuto sulla cera calda, lasciando l\u00ec l\u2019impronta del proprietario. Una specie di marca registrata, ante litteram.<\/p>\n\n\n\n<p>Poi arriv\u00f2 il Medioevo, con cavalieri, castelli e un sacco di cera colorata. cera particolarmente figa, perch\u00e8 si rompeva molto pi\u00f9 facilmente di quella d&#8217;api, quindi era pi\u00f9 difficile metterci sopra le mani. <\/p>\n\n\n\n<p>Diciamo ceralacca.<\/p>\n\n\n\n<p>In quei secoli, il sigillo divent\u00f2 roba seria, quasi nobile: un simbolo d\u2019identit\u00e0. <\/p>\n\n\n\n<p>Altro che timbro dell\u2019ufficio postale. I signori, infatti, portavano al dito l\u2019anello-sigillo, detto \u201cchevalier\u201d. Bastava scaldare un po\u2019 di ceralacca, appoggiarlo sopra e \u2013 puff \u2013 compariva l\u2019emblema (cio\u00e8 <strong>l&#8217;ARMA<\/strong>) di famiglia. Non solo per firmare lettere (che pochi sapevano leggere comunque), ma anche per dire: \u201cEhi, questo messaggio viene davvero da me, non da un impostore.\u201d<\/p>\n\n\n\n<p>Con il tempo arrivarono carta, inchiostro e poi francobolli, ma il fascino del sigillo rimase. Ancora oggi, chi riceve una lettera con la ceralacca prova un brivido d\u2019altri tempi, come se dietro ci fosse un cavaliere, un monaco, o magari un funzionario romano con lo stilo in mano.<\/p>\n\n\n\n<p>Morale? Cambiano gli strumenti, resta la voglia di \u201cmetterci il segno\u201d. <br>Anche solo per dire: \u201cQuesto l\u2019ho fatto io.\u201d<\/p>\n\n\n\n<p>Ovviamente questa cosa si espanse in un vero e proprio &#8220;linguaggio&#8221;, dove le immagini non erano a caso.<\/p>\n\n\n\n<h2 class=\"wp-block-heading\"><strong>Adesso parliamo di ARALDI<\/strong><\/h2>\n\n\n\n<p>Mettiamo che sei su un campo di battaglia che ti pesti col tuo avversario favorito, e che inizi ad essere un p\u00f2 stancuccio di tutti quegli schiaffi, che fai ?<\/p>\n\n\n\n<p>Prendi il tuo guerriero pi\u00f9 rispettato, spesso quello pi\u00f9 anziano, gli dai la tua bandiera o un tuo simbolo, e lo mandi a parlare con quello della controparte, a vedere se si riescono a mettere d&#8217;accordo.<\/p>\n\n\n\n<p>Ora, pian piano questo simpatico ceffo inizi\u00f2 ad essere identificato in maniera precisa, e i suoi compiti si ampliarono cos\u00ec tanto da richiedere un nome conosciuto da tutti:<\/p>\n\n\n\n<p><strong>L&#8217;ARALDO: <\/strong>Il termine deriva dal francese antico &#8220;h\u00e9raut&#8221; e ancor prima dal franco &#8220;hariwald&#8221;, che significa &#8220;impiegato dell&#8217;esercito&#8221; o &#8220;capo dell&#8217;esercito&#8221;. Questa origine evidenzia le funzioni militari e diplomatiche originarie dell&#8217;araldo, come portare messaggi, bandire guerre e dichiarazioni, e dirigere i tornei.<\/p>\n\n\n\n<p>L\u2019araldo \u00e8 quella figura un po\u2019 a met\u00e0 fra speaker ufficiale, messo comunale e influencer del Medioevo, solo senza social e con molta pi\u00f9 tromba e velluto. Non nasce affatto come semplice \u201curlatore in piazza\u201d, ma come personaggio con ruolo pubblico, riconosciuto e abbastanza delicato.<a rel=\"noreferrer noopener\" target=\"_blank\" href=\"https:\/\/it.wikipedia.org\/wiki\/Araldo\"><\/a>\u200b<\/p>\n\n\n\n<h2 class=\"wp-block-heading\" id=\"chi-era-laraldo\">Chi era l\u2019araldo?<\/h2>\n\n\n\n<p>Nel Medioevo l\u2019araldo \u00e8 un pubblico ufficiale al servizio di re, grandi feudatari o ordini cavallereschi: vive a corte, non in soffitta. Ha un nome altisonante (spesso legato a un feudo o a un ordine) e porta una cotta d\u2019armi con stemma ben in vista, cos\u00ec nessuno pu\u00f2 fare finta di non riconoscerlo.<a rel=\"noreferrer noopener\" target=\"_blank\" href=\"https:\/\/www.treccani.it\/enciclopedia\/araldo\/\"><\/a>\u200b<\/p>\n\n\n\n<h2 class=\"wp-block-heading\" id=\"cosa-combinava-tutto-il-giorno\">Cosa combinava tutto il giorno<\/h2>\n\n\n\n<p>Il mestiere dell\u2019araldo \u00e8 un \u201cmestiere di parola\u201d: annuncia leggi, proclami, decisioni, bandi e notizie importanti alla popolazione, spesso in piazza o davanti al palazzo del potere. Fa anche da messaggero e ambasciatore: porta dichiarazioni, intima guerre o rese, partecipa alle trattative di pace, e per questo gode di una certa inviolabilit\u00e0, cio\u00e8 non lo si dovrebbe toccare anche in tempo di guerra.<a rel=\"noreferrer noopener\" target=\"_blank\" href=\"https:\/\/www.storiain.net\/storia\/araldi-pubblici-e-banditori-nel-medioevo\/\"><\/a>\u200b<\/p>\n\n\n\n<h2 class=\"wp-block-heading\" id=\"tornei-stemmi-e-araldica\">Tornei, stemmi e araldica<\/h2>\n\n\n\n<p>Quando si parla di tornei cavallereschi, l\u2019araldo \u00e8 il maestro di cerimonie: annuncia i cavalieri, controlla che le armi siano regolari, commenta gli scontri e proclama il vincitore. Diventa anche specialista di stemmi: compila registri di nobilt\u00e0 e raccolte di blasoni, e sa riconoscere chi \u00e8 chi sul campo di battaglia solo guardando lo scudo, molto prima delle magliette numerate.<\/p>\n\n\n\n<p><a href=\"https:\/\/www.paliodifaenza.it\/2022\/06\/araldo-corteo-storico-niballo\/\" target=\"_blank\" rel=\"noreferrer noopener\"><\/a><strong>\u200be per fare questo gli araldi creano una &#8220;lingua fatta di disegni standard&#8221;, che essendo stata inventata dagli ARALDI finir\u00e0 per chiamarsi ARALDICA<\/strong><\/p>\n\n\n\n<p>Visto che questi tizi erano &#8220;quelli fighi&#8221;, sapevano pure scrivere, ma erano pi\u00f9 bravi con la lancia che col pennello,  iniziarono a fare una operazione fondamentale: La Blasonatura<\/p>\n\n\n\n<h2 class=\"wp-block-heading\">EH? che diavolo \u00e8 la blasonatura?<\/h2>\n\n\n\n<p>E&#8217; la vera espressione della tua arma, quella con cui il Re d&#8217;Arme registrava la tua famiglia nei suoi registri, gli armolari.<\/p>\n\n\n\n<p>Visto che non erano un granch\u00e8 a disegnare, in pratica inventarono una &#8220;lingua standard&#8221; in cui descrivevano gli elemento della tua Arma, con i quali poi tu andavi da un pittore e ti facevi dipingere lo scudo. Per darvi un&#8217;idea dell&#8217;importanza di questo tipo di lavoro, Michelangelo Merisi detto il Caravaggio divent\u00f2 abbastanza famoso col il suo scudo su cui aveva dipinto la testa di Medusa, e uno dei primi lavori pagati di Leonardo da Vinci fu quello di dipingere uno scudo. <\/p>\n\n\n\n<p>Questo voleva dire per\u00f2 che quello su cui si focalizzano tutti oggi, il disegno dello scudo, in realt\u00e0 contava abbastanza poco, perch\u00e8 poteva variare da pittore a pittore:<\/p>\n\n\n\n<p>Era la descrizione del tuo &#8220;stemma&#8221; a parole, che si chiamava &#8220;BLASONE&#8221;, quello che contava davvero.<\/p>\n\n\n\n<p><strong>Capite adesso perch\u00e8 questo articolo non inizia con una immagine, ma un testo scritto in quello che sembra una &#8220;lingua strana tutta formale&#8221;, conosciuta come &#8220;araldica&#8221;?<\/strong><\/p>\n\n\n\n<p>Esatto, quello \u00e8 il nostro <strong>blasone<\/strong>!<\/p>\n\n\n\n<p><strong><em>E l&#8217;operazione di farsi fare da un RE D&#8217;ARMI il proprio BLASONE si chiamava BLASONATURA <\/em><\/strong><\/p>\n\n\n\n<p>Aspetta un p\u00f2, chi sarebbe sto tizio adesso? eh gi\u00e0, non tutti gli araldi sono uguali&#8230;<\/p>\n\n\n\n<h2 class=\"wp-block-heading\" id=\"araldo-banditore-e-re-darmi-non-sono-la-stessa-cos\">Araldo, banditore e re d&#8217;armi: non sono la stessa cosa!<\/h2>\n\n\n\n<p>Nel Medioevo questi tre tipi giravano con trombe e bandiere, ma ognuno aveva il suo posto preciso. L\u2019araldo era il professionista di corte, il banditore l\u2019urlatore di piazza, e il re d\u2019armi il capo supremo. Altro che confusione da sagra paesana.<a rel=\"noreferrer noopener\" target=\"_blank\" href=\"https:\/\/corpodellanobiltaitaliana.it\/brevi-nozioni-in-merito-allo-stemma-detto-anche-armea\/\"><\/a>\u200b<\/p>\n\n\n\n<h2 class=\"wp-block-heading\" id=\"laraldo-nobile-e-multitasking\">L\u2019araldo: nobile e multitasking<\/h2>\n\n\n\n<p>L\u2019araldo serviva re o signori feudatari, spesso era nobile o nobilitato, con cotta armeggiata e giuramento solenne. Annunciava proclami, gestiva tornei (controllando armi e vincitori), portava messaggi diplomatici o di guerra, e compilava registri di stemmi: esperto di araldica con immunit\u00e0 totale.<a rel=\"noreferrer noopener\" target=\"_blank\" href=\"https:\/\/it.wikipedia.org\/wiki\/Araldo\"><\/a>\u200b<\/p>\n\n\n\n<h2 class=\"wp-block-heading\" id=\"il-banditore-voce-pubblica-del-popolo\">Il banditore: voce pubblica del popolo<\/h2>\n\n\n\n<p>Il banditore era pi\u00f9 terra terra, un annunciatore pubblico per leggi, mercati o aste, erede greco-romano dei \u201ck\u00e9rukes\u201d che urlavano in assemblea. Non nobilitato, senza immunit\u00e0 diplomatica, solo un megafono umano per roba quotidiana, senza blasoni o corti.<a rel=\"noreferrer noopener\" target=\"_blank\" href=\"https:\/\/www.storiain.net\/storia\/araldi-pubblici-e-banditori-nel-medioevo\/\"><\/a>\u200b<\/p>\n\n\n\n<h2 class=\"wp-block-heading\" id=\"re-darmi-il-boss-degli-araldi\">Re d\u2019armi: il boss degli araldi<\/h2>\n\n\n\n<p>Il re d\u2019armi era il grado massimo, capo eletto del collegio degli araldi, con corona sul capo e bastone fiorito. Custodiva stemmi ufficiali, sovrintendeva blasonature reali, dirigeva eventi grossi e formava i sottoposti: il maresciallo d\u2019armi, non un semplice speaker.<a rel=\"noreferrer noopener\" target=\"_blank\" href=\"https:\/\/www.treccani.it\/enciclopedia\/araldica_(Enciclopedia-Italiana)\/\"><\/a>\u200b<\/p>\n\n\n\n<figure class=\"wp-block-table\"><table class=\"has-fixed-layout\"><thead><tr><th>Ruolo<\/th><th>Status<\/th><th>Funzioni principali<\/th><th>Simboli<\/th><\/tr><\/thead><tbody><tr><td>Araldo<\/td><td>Nobile\/corte<\/td><td>Tornei, diplomazia, araldica<\/td><td>Cotta armeggiata, bastone<\/td><\/tr><tr><td>Banditore<\/td><td>Popolare<\/td><td>Annunci pubblici, mercati<\/td><td>Tromba semplice&nbsp;<a rel=\"noreferrer noopener\" target=\"_blank\" href=\"https:\/\/it.wikipedia.org\/wiki\/Araldo\"><\/a>\u200b<\/td><\/tr><tr><td>Re d\u2019armi<\/td><td>Capo araldi<\/td><td>Gestione stemmi, supervisione<\/td><td>Corona, bastone fiorito&nbsp;<a rel=\"noreferrer noopener\" target=\"_blank\" href=\"https:\/\/www.treccani.it\/enciclopedia\/araldica_(Enciclopedia-Italiana)\/\"><\/a>\u200b<\/td><\/tr><\/tbody><\/table><\/figure>\n\n\n\n<p>Oggi? Araldi e re d\u2019armi sopravvivono in Inghilterra per titoli nobiliari, banditori solo alle aste. Ma il succo resta: gerarchia medievale, mica anarchia.<\/p>\n\n\n\n<h2 class=\"wp-block-heading\">DAI, GIOCHIAMO CON LE IA E LE IMMAGINI; COSI&#8217; CI CAPIAMO MEGLIO<\/h2>\n\n\n\n<p>per rendere pi\u00f9 chiare le cose ho iniziato a giocare con perplexity nel tentativo di fargli rifare l&#8217;immagine della nostra arma, e ovviamente ha fatto un casino dietro l&#8217;altro. <\/p>\n\n\n\n<p>Poi alla fine troverete anche il &#8220;final score&#8221; , ma vediamo una serie di evoluzioni, cos\u00ec ci capiamo meglio sugli errori.<\/p>\n\n\n\n<p>La prima cosa che ha tirato fuori \u00e8 sta roba qui, che non c&#8217;entra un tappo<\/p>\n\n\n\n<figure class=\"wp-block-image size-large\"><img loading=\"lazy\" decoding=\"async\" width=\"1024\" height=\"1024\" src=\"https:\/\/www.suffritti.it\/wp-content\/uploads\/2025\/11\/image-1024x1024.png\" alt=\"\" class=\"wp-image-199\" srcset=\"https:\/\/www.suffritti.it\/wp-content\/uploads\/2025\/11\/image-1024x1024.png 1024w, https:\/\/www.suffritti.it\/wp-content\/uploads\/2025\/11\/image-300x300.png 300w, https:\/\/www.suffritti.it\/wp-content\/uploads\/2025\/11\/image-150x150.png 150w, https:\/\/www.suffritti.it\/wp-content\/uploads\/2025\/11\/image-768x768.png 768w, https:\/\/www.suffritti.it\/wp-content\/uploads\/2025\/11\/image-1536x1536.png 1536w, https:\/\/www.suffritti.it\/wp-content\/uploads\/2025\/11\/image.png 2048w\" sizes=\"auto, (max-width: 1024px) 100vw, 1024px\" \/><\/figure>\n\n\n\n<p>Artistica eh? ma la suddivisione dello scudo non c&#8217;entra niente, i colori meno, e gli emblemi non so da dove li abbia presi. probabilmente in giro per il mondo esister\u00e0 una araldica simile, ma non \u00e8 certo quella descritta dal mio blasone.<\/p>\n\n\n\n<p>Con alcune capocciate sul suo virtuale setto nasale sono riuscito a fargli fare questa qui, meno sbagliata ma sempre sbagliata:<\/p>\n\n\n\n<figure class=\"wp-block-image size-full\"><img decoding=\"async\" src=\"https:\/\/www.suffritti.it\/wp-content\/uploads\/2025\/11\/ArmaSuffrittiMuziiCompleta.png\" alt=\"\" class=\"wp-image-169\"\/><\/figure>\n\n\n\n<p>Intanto l&#8217;aggiunta di elmo,cimiero e lambrecchini (tutta la roba SOPRA lo scudo) che io non avevo mai richiesto (peraltro sarebbero un &#8220;grado nobiliare&#8221; quello di cavaliere, e riportando una corona con forse 6 perle A NASO dovrebbe essere una corona baronale, ma vattelapesca), ma a parte quello, il secondo campo, quello dei Collini, \u00e8 tutto sbagliato:<\/p>\n\n\n\n<p>tre monti invece che un monte di due cime, un &#8220;albero di verde&#8221; invece che una &#8220;quercia al naturale&#8221;, e l&#8217;albero \u00e8 CARICATO SOPRA I MONTI (cio\u00e8 messo in cima al centrale) invece che &#8220;caricato in faccia&#8221;, cio\u00e8 posto DAVANTI ai monti.<\/p>\n\n\n\n<p>A questo punto tento di recuperare la cosa, ma i risultati sono deliranti, non ne funziona mezza, e tura fuori una assoluta assurdit\u00e0 come questa:<\/p>\n\n\n\n<figure class=\"wp-block-image size-large\"><img loading=\"lazy\" decoding=\"async\" width=\"1024\" height=\"768\" src=\"https:\/\/www.suffritti.it\/wp-content\/uploads\/2025\/11\/image-1-1024x768.png\" alt=\"\" class=\"wp-image-203\" srcset=\"https:\/\/www.suffritti.it\/wp-content\/uploads\/2025\/11\/image-1-1024x768.png 1024w, https:\/\/www.suffritti.it\/wp-content\/uploads\/2025\/11\/image-1-300x225.png 300w, https:\/\/www.suffritti.it\/wp-content\/uploads\/2025\/11\/image-1-768x576.png 768w, https:\/\/www.suffritti.it\/wp-content\/uploads\/2025\/11\/image-1-1536x1152.png 1536w, https:\/\/www.suffritti.it\/wp-content\/uploads\/2025\/11\/image-1-2048x1536.png 2048w\" sizes=\"auto, (max-width: 1024px) 100vw, 1024px\" \/><\/figure>\n\n\n\n<p>Quando il passaggio dopo \u00e8 stato questo, ho iniziato a rimpiangere il primo&#8230; vediamo se riuscite a capire voi gli errori<\/p>\n\n\n\n<figure class=\"wp-block-image size-large\"><img loading=\"lazy\" decoding=\"async\" width=\"1024\" height=\"1024\" src=\"https:\/\/www.suffritti.it\/wp-content\/uploads\/2025\/11\/image-2-1024x1024.png\" alt=\"\" class=\"wp-image-224\" srcset=\"https:\/\/www.suffritti.it\/wp-content\/uploads\/2025\/11\/image-2-1024x1024.png 1024w, https:\/\/www.suffritti.it\/wp-content\/uploads\/2025\/11\/image-2-300x300.png 300w, https:\/\/www.suffritti.it\/wp-content\/uploads\/2025\/11\/image-2-150x150.png 150w, https:\/\/www.suffritti.it\/wp-content\/uploads\/2025\/11\/image-2-768x768.png 768w, https:\/\/www.suffritti.it\/wp-content\/uploads\/2025\/11\/image-2-1536x1536.png 1536w, https:\/\/www.suffritti.it\/wp-content\/uploads\/2025\/11\/image-2.png 2048w\" sizes=\"auto, (max-width: 1024px) 100vw, 1024px\" \/><\/figure>\n\n\n\n<p>A questo punto non vi tedio ulteriormente, e vediamo le cose con un approccio differente<\/p>\n\n\n\n<p>Allora, partiamo da quello &#8220;giusto&#8221; e tentiamo di capire delle cose, tipo &#8220;cosa dice&#8221;.<\/p>\n\n\n\n<h2 class=\"wp-block-heading\">VA BENE, diamoci a mucchio con Perplexity, e proviamo un altro approccio, pi\u00f9 manuale<\/h2>\n\n\n\n<p><strong>A sto punto capiamo da dove ci siamo arrivati. <\/strong><\/p>\n\n\n\n<p>Una araldica di solito \u00e8 un disegno che &#8220;dice delle cose della famiglia&#8221;. Se prendiamo la famiglia di mia mamma, i Collini, non \u00e8 difficile capire perch\u00e8 la loro arma fosse questa:<\/p>\n\n\n\n<p><em><strong>d\u2019azzurro, al monte di due cime di verde movente dalla punta, caricato in faccia da una quercia al naturale;<\/strong><\/em><\/p>\n\n\n\n<figure class=\"wp-block-image size-full\"><img loading=\"lazy\" decoding=\"async\" width=\"530\" height=\"620\" src=\"https:\/\/www.suffritti.it\/wp-content\/uploads\/2025\/11\/arma-collini.png\" alt=\"\" class=\"wp-image-207\" srcset=\"https:\/\/www.suffritti.it\/wp-content\/uploads\/2025\/11\/arma-collini.png 530w, https:\/\/www.suffritti.it\/wp-content\/uploads\/2025\/11\/arma-collini-256x300.png 256w\" sizes=\"auto, (max-width: 530px) 100vw, 530px\" \/><\/figure>\n\n\n\n<p>Quella di mio padre, i Suffritti (in realt\u00e0 soffritti, ma si sa gli ufficiali d&#8217;anagrafe spesso fanno dei drittoni notevoli), invece era questa <\/p>\n\n\n\n<p><em><strong>d\u2019argento, al chiodo di nero posto in banda, accompagnato in capo a destra e in punta a sinistra da due croci scorciate di rosso;<\/strong><\/em><\/p>\n\n\n\n<p>Dopo un certo periodo , le croci scorciate (dette anche &#8220;croci di Mantova&#8221; e non credo sia un caso visto che la famiglia viene dalla bassa modenese\/ferrarese) vennero sostituite da delle pezze quadrilobe (chiss\u00e0 come mai, visto che diventa un p\u00f2 pericoloso portare nel proprio stemma delle cose che ricordano maledettamente da vicino l&#8217;emblema dei templari, o croce patente), ma a me piace di pi\u00f9 la versione originale, lo ammetto. per\u00f2 un effetti la attuale blasonatura sarebbe<\/p>\n\n\n\n<p><em><strong>d\u2019argento, al chiodo di nero posto in banda, accompagnato in capo a destra e in punta a sinistra da due pezze quadrilobe di rosso;<\/strong><\/em><\/p>\n\n\n\n<p>Oh, senti, l&#8217;immagine la faccio poi con l&#8217;originale, eh?<\/p>\n\n\n\n<figure class=\"wp-block-image size-full\"><img loading=\"lazy\" decoding=\"async\" width=\"523\" height=\"617\" src=\"https:\/\/www.suffritti.it\/wp-content\/uploads\/2025\/11\/arma-suffritti.png\" alt=\"\" class=\"wp-image-209\" srcset=\"https:\/\/www.suffritti.it\/wp-content\/uploads\/2025\/11\/arma-suffritti.png 523w, https:\/\/www.suffritti.it\/wp-content\/uploads\/2025\/11\/arma-suffritti-254x300.png 254w\" sizes=\"auto, (max-width: 523px) 100vw, 523px\" \/><\/figure>\n\n\n\n<p>Ora, quando due famiglie di pari importanza si sposano, la nuova famiglia viene rappresentata con le araldiche di entrambe. <\/p>\n\n\n\n<p>Come si fa? Si divide lo scudo.<\/p>\n\n\n\n<p>Di solito la prima divisione \u00e8 in verticale, cio\u00e8 lo scudo viene &#8220;partito&#8221;. se successivamente si deve provvedere di nuovo, o le situazioni sono differenti, lo scudo successivamente verr\u00e0 &#8220;troncato&#8221; cio\u00e8 diviso in orizzontale<\/p>\n\n\n\n<p>Quindi l&#8217;araldica DI PIETRO e SOLO di PIETRO (che non la usa pi\u00f9 da anni) sarebbe questa<\/p>\n\n\n\n<p><strong><em>Scudo partito: <\/em><\/strong><br><em><strong>nel 1\u00b0 d\u2019argento, al chiodo di nero posto in banda, accompagnato in capo a destra e in punta a sinistra da due pezze quadrilobe di rosso;<br>nel 2\u00b0 d\u2019azzurro, al monte di due cime di verde movente dalla punta, caricato in faccia da una quercia al naturale; <\/strong><\/em><\/p>\n\n\n\n<figure class=\"wp-block-image size-large\"><img loading=\"lazy\" decoding=\"async\" width=\"1024\" height=\"604\" src=\"https:\/\/www.suffritti.it\/wp-content\/uploads\/2025\/11\/arma-suffritti-collini-1024x604.png\" alt=\"\" class=\"wp-image-210\" srcset=\"https:\/\/www.suffritti.it\/wp-content\/uploads\/2025\/11\/arma-suffritti-collini-1024x604.png 1024w, https:\/\/www.suffritti.it\/wp-content\/uploads\/2025\/11\/arma-suffritti-collini-300x177.png 300w, https:\/\/www.suffritti.it\/wp-content\/uploads\/2025\/11\/arma-suffritti-collini-768x453.png 768w, https:\/\/www.suffritti.it\/wp-content\/uploads\/2025\/11\/arma-suffritti-collini.png 1061w\" sizes=\"auto, (max-width: 1024px) 100vw, 1024px\" \/><\/figure>\n\n\n\n<p>A questo punto arriva Monica, che da Muzii (un Muzio, due muzii, presente?), se fosse ancora &#8220;Gens Mucia&#8221; avrebbe questa araldica qui:<\/p>\n\n\n\n<p><em><strong>di porpora romana, al nodo di Salomone intrecciato di verde e d\u2019argento<\/strong><\/em><\/p>\n\n\n\n<p>Col tempo la porpora romana si \u00e8 persa, e i Muzii sono diventati<\/p>\n\n\n\n<p><em><strong>di rosso, al nodo di Salomone intrecciato di verde e d\u2019argento<\/strong><\/em><\/p>\n\n\n\n<figure class=\"wp-block-image size-large\"><img loading=\"lazy\" decoding=\"async\" width=\"1024\" height=\"647\" src=\"https:\/\/www.suffritti.it\/wp-content\/uploads\/2025\/11\/arma-muzii-1024x647.png\" alt=\"\" class=\"wp-image-213\" srcset=\"https:\/\/www.suffritti.it\/wp-content\/uploads\/2025\/11\/arma-muzii-1024x647.png 1024w, https:\/\/www.suffritti.it\/wp-content\/uploads\/2025\/11\/arma-muzii-300x190.png 300w, https:\/\/www.suffritti.it\/wp-content\/uploads\/2025\/11\/arma-muzii-768x485.png 768w, https:\/\/www.suffritti.it\/wp-content\/uploads\/2025\/11\/arma-muzii.png 1059w\" sizes=\"auto, (max-width: 1024px) 100vw, 1024px\" \/><\/figure>\n\n\n\n<p>A questo punto come potete immaginare, avendo uno dei due uno scudo gi\u00e0 partito, lo scudo di famiglia \u00e8 stato spaccato arrivando al finale, che adesso magari vi potr\u00e0 risultare pi\u00f9 comprensibile<\/p>\n\n\n\n<p><strong><em>Scudo semipartito troncato: <\/em><\/strong><br><em><strong>nel 1\u00b0 d\u2019argento, al chiodo di nero posto in banda, accompagnato in capo a destra e in punta a sinistra da due pezze quadrilobe di rosso;<br>nel 2\u00b0 d\u2019azzurro, al monte di due cime di verde movente dalla punta, caricato in faccia da una quercia al naturale; <br>nel 3\u00b0 di rosso, al nodo di Salomone intrecciato di verde e d\u2019argento<\/strong><\/em><\/p>\n\n\n\n<figure class=\"wp-block-image size-large\"><img loading=\"lazy\" decoding=\"async\" width=\"843\" height=\"1024\" src=\"https:\/\/www.suffritti.it\/wp-content\/uploads\/2025\/11\/arma-suffritti-trasp-843x1024.png\" alt=\"\" class=\"wp-image-182\" srcset=\"https:\/\/www.suffritti.it\/wp-content\/uploads\/2025\/11\/arma-suffritti-trasp-843x1024.png 843w, https:\/\/www.suffritti.it\/wp-content\/uploads\/2025\/11\/arma-suffritti-trasp-247x300.png 247w, https:\/\/www.suffritti.it\/wp-content\/uploads\/2025\/11\/arma-suffritti-trasp-768x933.png 768w, https:\/\/www.suffritti.it\/wp-content\/uploads\/2025\/11\/arma-suffritti-trasp.png 1094w\" sizes=\"auto, (max-width: 843px) 100vw, 843px\" \/><\/figure>\n\n\n\n<p>Adesso che avete una idea del finale, ovviamente \u00e8 molto bello da vedere cos\u00ec, ma e&#8217; FISICAMENTE POSSIBILE riportare sta roba in un anello chevalier per fare il sigillo?<\/p>\n\n\n\n<p>Sorry, no, quindi i nostri anelli chevalier (si ce li abbiamo, tutti e tre) si trova una incisione che fa sto sigillo qui:<\/p>\n\n\n\n<figure class=\"wp-block-image size-full\"><img loading=\"lazy\" decoding=\"async\" width=\"878\" height=\"847\" src=\"https:\/\/www.suffritti.it\/wp-content\/uploads\/2025\/11\/sigillo-trasp.png\" alt=\"\" class=\"wp-image-186\" srcset=\"https:\/\/www.suffritti.it\/wp-content\/uploads\/2025\/11\/sigillo-trasp.png 878w, https:\/\/www.suffritti.it\/wp-content\/uploads\/2025\/11\/sigillo-trasp-300x289.png 300w, https:\/\/www.suffritti.it\/wp-content\/uploads\/2025\/11\/sigillo-trasp-768x741.png 768w\" sizes=\"auto, (max-width: 878px) 100vw, 878px\" \/><\/figure>\n\n\n\n<p>e se chiedo a una IA di rifarmi il sigillo?<\/p>\n\n\n\n<p>Me lo fa d&#8217;un figo da paura&#8230;. ma dubito che nessun gioielliere , per quanto bravo, riuscirebbe nell&#8217;intento \ud83d\ude00<\/p>\n\n\n\n<figure class=\"wp-block-image size-full\"><img loading=\"lazy\" decoding=\"async\" width=\"1024\" height=\"775\" src=\"https:\/\/www.suffritti.it\/wp-content\/uploads\/2025\/11\/SigilloSuffritti.jpeg\" alt=\"\" class=\"wp-image-177\" srcset=\"https:\/\/www.suffritti.it\/wp-content\/uploads\/2025\/11\/SigilloSuffritti.jpeg 1024w, https:\/\/www.suffritti.it\/wp-content\/uploads\/2025\/11\/SigilloSuffritti-300x227.jpeg 300w, https:\/\/www.suffritti.it\/wp-content\/uploads\/2025\/11\/SigilloSuffritti-768x581.jpeg 768w\" sizes=\"auto, (max-width: 1024px) 100vw, 1024px\" \/><\/figure>\n\n\n\n<p>Bene, spero che adesso vi sia tutto pi\u00f9 chiaro, e che il giretto nel mondo dell&#8217;araldica vi abbia fatto venire voglia di capirci di pi\u00f9:<\/p>\n\n\n\n<p>\u00e8 un mondo che racconta tanto di noi e del nostro passato, e ne vale la pena di approfondire<\/p>\n","protected":false},"excerpt":{"rendered":"<p>Sfruttiamo il fatto di presentarvi l&#8217;arma araldica dei suffritti muzii per capire due concetti base di araldica, molto semplificati<\/p>\n","protected":false},"author":2,"featured_media":182,"comment_status":"closed","ping_status":"open","sticky":false,"template":"","format":"standard","meta":{"footnotes":""},"categories":[4],"tags":[55,51,54,56,53,52],"class_list":["post-168","post","type-post","status-publish","format-standard","has-post-thumbnail","hentry","category-storia","tag-araldi","tag-araldica","tag-collini","tag-evoluzione-di-un-arma-araldica","tag-muzii","tag-suffritti"],"yoast_head":"<!-- This site is optimized with the Yoast SEO plugin v27.5 - https:\/\/yoast.com\/product\/yoast-seo-wordpress\/ -->\n<title>L&#039;arma araldica della famiglia Suffritti - Muzii, e alcune idee sparpagliate di araldica - Suffritti.it<\/title>\n<meta name=\"robots\" content=\"index, follow, max-snippet:-1, max-image-preview:large, max-video-preview:-1\" \/>\n<link rel=\"canonical\" href=\"https:\/\/www.suffritti.it\/?p=168\" \/>\n<meta property=\"og:locale\" content=\"it_IT\" \/>\n<meta property=\"og:type\" content=\"article\" \/>\n<meta property=\"og:title\" content=\"L&#039;arma araldica della famiglia Suffritti - Muzii, e alcune idee sparpagliate di araldica - Suffritti.it\" \/>\n<meta property=\"og:description\" content=\"Sfruttiamo il fatto di presentarvi l&#039;arma araldica dei suffritti muzii per capire due concetti base di araldica, molto semplificati\" \/>\n<meta property=\"og:url\" content=\"https:\/\/www.suffritti.it\/?p=168\" \/>\n<meta property=\"og:site_name\" content=\"Suffritti.it\" \/>\n<meta property=\"article:published_time\" content=\"2025-11-27T10:55:50+00:00\" \/>\n<meta property=\"article:modified_time\" content=\"2025-11-28T17:53:56+00:00\" \/>\n<meta property=\"og:image\" content=\"https:\/\/www.suffritti.it\/wp-content\/uploads\/2025\/11\/arma-suffritti-trasp-843x1024.png\" \/>\n\t<meta property=\"og:image:width\" content=\"843\" \/>\n\t<meta property=\"og:image:height\" content=\"1024\" \/>\n\t<meta property=\"og:image:type\" content=\"image\/png\" \/>\n<meta name=\"author\" content=\"Pietro Suffritti Legolas\" \/>\n<meta name=\"twitter:card\" content=\"summary_large_image\" \/>\n<meta name=\"twitter:label1\" content=\"Scritto da\" \/>\n\t<meta name=\"twitter:data1\" content=\"Pietro Suffritti Legolas\" \/>\n\t<meta name=\"twitter:label2\" content=\"Tempo di lettura stimato\" \/>\n\t<meta name=\"twitter:data2\" content=\"17 minuti\" \/>\n<script type=\"application\/ld+json\" class=\"yoast-schema-graph\">{\"@context\":\"https:\\\/\\\/schema.org\",\"@graph\":[{\"@type\":\"Article\",\"@id\":\"https:\\\/\\\/www.suffritti.it\\\/?p=168#article\",\"isPartOf\":{\"@id\":\"https:\\\/\\\/www.suffritti.it\\\/?p=168\"},\"author\":{\"name\":\"Pietro Suffritti Legolas\",\"@id\":\"https:\\\/\\\/www.suffritti.it\\\/#\\\/schema\\\/person\\\/25968c092d5ef4aaa159df8a6c2c5867\"},\"headline\":\"L&#8217;arma araldica della famiglia Suffritti &#8211; Muzii, e alcune idee sparpagliate di araldica\",\"datePublished\":\"2025-11-27T10:55:50+00:00\",\"dateModified\":\"2025-11-28T17:53:56+00:00\",\"mainEntityOfPage\":{\"@id\":\"https:\\\/\\\/www.suffritti.it\\\/?p=168\"},\"wordCount\":2682,\"publisher\":{\"@id\":\"https:\\\/\\\/www.suffritti.it\\\/#\\\/schema\\\/person\\\/7d2b80cf72d9701c47de6ad671953fce\"},\"image\":{\"@id\":\"https:\\\/\\\/www.suffritti.it\\\/?p=168#primaryimage\"},\"thumbnailUrl\":\"https:\\\/\\\/www.suffritti.it\\\/wp-content\\\/uploads\\\/2025\\\/11\\\/arma-suffritti-trasp.png\",\"keywords\":[\"araldi\",\"araldica\",\"collini\",\"evoluzione di un arma araldica\",\"muzii\",\"suffritti\"],\"articleSection\":[\"Storia\"],\"inLanguage\":\"it-IT\"},{\"@type\":\"WebPage\",\"@id\":\"https:\\\/\\\/www.suffritti.it\\\/?p=168\",\"url\":\"https:\\\/\\\/www.suffritti.it\\\/?p=168\",\"name\":\"L'arma araldica della famiglia Suffritti - Muzii, e alcune idee sparpagliate di araldica - Suffritti.it\",\"isPartOf\":{\"@id\":\"https:\\\/\\\/www.suffritti.it\\\/#website\"},\"primaryImageOfPage\":{\"@id\":\"https:\\\/\\\/www.suffritti.it\\\/?p=168#primaryimage\"},\"image\":{\"@id\":\"https:\\\/\\\/www.suffritti.it\\\/?p=168#primaryimage\"},\"thumbnailUrl\":\"https:\\\/\\\/www.suffritti.it\\\/wp-content\\\/uploads\\\/2025\\\/11\\\/arma-suffritti-trasp.png\",\"datePublished\":\"2025-11-27T10:55:50+00:00\",\"dateModified\":\"2025-11-28T17:53:56+00:00\",\"breadcrumb\":{\"@id\":\"https:\\\/\\\/www.suffritti.it\\\/?p=168#breadcrumb\"},\"inLanguage\":\"it-IT\",\"potentialAction\":[{\"@type\":\"ReadAction\",\"target\":[\"https:\\\/\\\/www.suffritti.it\\\/?p=168\"]}]},{\"@type\":\"ImageObject\",\"inLanguage\":\"it-IT\",\"@id\":\"https:\\\/\\\/www.suffritti.it\\\/?p=168#primaryimage\",\"url\":\"https:\\\/\\\/www.suffritti.it\\\/wp-content\\\/uploads\\\/2025\\\/11\\\/arma-suffritti-trasp.png\",\"contentUrl\":\"https:\\\/\\\/www.suffritti.it\\\/wp-content\\\/uploads\\\/2025\\\/11\\\/arma-suffritti-trasp.png\",\"width\":1094,\"height\":1329},{\"@type\":\"BreadcrumbList\",\"@id\":\"https:\\\/\\\/www.suffritti.it\\\/?p=168#breadcrumb\",\"itemListElement\":[{\"@type\":\"ListItem\",\"position\":1,\"name\":\"Home\",\"item\":\"https:\\\/\\\/www.suffritti.it\\\/\"},{\"@type\":\"ListItem\",\"position\":2,\"name\":\"L&#8217;arma araldica della famiglia Suffritti &#8211; Muzii, e alcune idee sparpagliate di araldica\"}]},{\"@type\":\"WebSite\",\"@id\":\"https:\\\/\\\/www.suffritti.it\\\/#website\",\"url\":\"https:\\\/\\\/www.suffritti.it\\\/\",\"name\":\"Suffritti.it\",\"description\":\"la nostra web-casa\",\"publisher\":{\"@id\":\"https:\\\/\\\/www.suffritti.it\\\/#\\\/schema\\\/person\\\/7d2b80cf72d9701c47de6ad671953fce\"},\"potentialAction\":[{\"@type\":\"SearchAction\",\"target\":{\"@type\":\"EntryPoint\",\"urlTemplate\":\"https:\\\/\\\/www.suffritti.it\\\/?s={search_term_string}\"},\"query-input\":{\"@type\":\"PropertyValueSpecification\",\"valueRequired\":true,\"valueName\":\"search_term_string\"}}],\"inLanguage\":\"it-IT\"},{\"@type\":[\"Person\",\"Organization\"],\"@id\":\"https:\\\/\\\/www.suffritti.it\\\/#\\\/schema\\\/person\\\/7d2b80cf72d9701c47de6ad671953fce\",\"name\":\"Pietro Suffritti\",\"image\":{\"@type\":\"ImageObject\",\"inLanguage\":\"it-IT\",\"@id\":\"https:\\\/\\\/www.suffritti.it\\\/wp-content\\\/uploads\\\/2023\\\/04\\\/PietroSamuraiSmall.png\",\"url\":\"https:\\\/\\\/www.suffritti.it\\\/wp-content\\\/uploads\\\/2023\\\/04\\\/PietroSamuraiSmall.png\",\"contentUrl\":\"https:\\\/\\\/www.suffritti.it\\\/wp-content\\\/uploads\\\/2023\\\/04\\\/PietroSamuraiSmall.png\",\"width\":500,\"height\":500,\"caption\":\"Pietro Suffritti\"},\"logo\":{\"@id\":\"https:\\\/\\\/www.suffritti.it\\\/wp-content\\\/uploads\\\/2023\\\/04\\\/PietroSamuraiSmall.png\"},\"sameAs\":[\"https:\\\/\\\/www.suffritti.it\"]},{\"@type\":\"Person\",\"@id\":\"https:\\\/\\\/www.suffritti.it\\\/#\\\/schema\\\/person\\\/25968c092d5ef4aaa159df8a6c2c5867\",\"name\":\"Pietro Suffritti Legolas\",\"image\":{\"@type\":\"ImageObject\",\"inLanguage\":\"it-IT\",\"@id\":\"https:\\\/\\\/secure.gravatar.com\\\/avatar\\\/2b5ab3f33d085850c0751a152cf758b84e513a2c235ac2bd814c1121f2af1709?s=96&d=mm&r=g\",\"url\":\"https:\\\/\\\/secure.gravatar.com\\\/avatar\\\/2b5ab3f33d085850c0751a152cf758b84e513a2c235ac2bd814c1121f2af1709?s=96&d=mm&r=g\",\"contentUrl\":\"https:\\\/\\\/secure.gravatar.com\\\/avatar\\\/2b5ab3f33d085850c0751a152cf758b84e513a2c235ac2bd814c1121f2af1709?s=96&d=mm&r=g\",\"caption\":\"Pietro Suffritti Legolas\"},\"url\":\"https:\\\/\\\/www.suffritti.it\\\/?author=2\"}]}<\/script>\n<!-- \/ Yoast SEO plugin. -->","yoast_head_json":{"title":"L'arma araldica della famiglia Suffritti - Muzii, e alcune idee sparpagliate di araldica - Suffritti.it","robots":{"index":"index","follow":"follow","max-snippet":"max-snippet:-1","max-image-preview":"max-image-preview:large","max-video-preview":"max-video-preview:-1"},"canonical":"https:\/\/www.suffritti.it\/?p=168","og_locale":"it_IT","og_type":"article","og_title":"L'arma araldica della famiglia Suffritti - Muzii, e alcune idee sparpagliate di araldica - Suffritti.it","og_description":"Sfruttiamo il fatto di presentarvi l'arma araldica dei suffritti muzii per capire due concetti base di araldica, molto semplificati","og_url":"https:\/\/www.suffritti.it\/?p=168","og_site_name":"Suffritti.it","article_published_time":"2025-11-27T10:55:50+00:00","article_modified_time":"2025-11-28T17:53:56+00:00","og_image":[{"width":843,"height":1024,"url":"https:\/\/www.suffritti.it\/wp-content\/uploads\/2025\/11\/arma-suffritti-trasp-843x1024.png","type":"image\/png"}],"author":"Pietro Suffritti Legolas","twitter_card":"summary_large_image","twitter_misc":{"Scritto da":"Pietro Suffritti Legolas","Tempo di lettura stimato":"17 minuti"},"schema":{"@context":"https:\/\/schema.org","@graph":[{"@type":"Article","@id":"https:\/\/www.suffritti.it\/?p=168#article","isPartOf":{"@id":"https:\/\/www.suffritti.it\/?p=168"},"author":{"name":"Pietro Suffritti Legolas","@id":"https:\/\/www.suffritti.it\/#\/schema\/person\/25968c092d5ef4aaa159df8a6c2c5867"},"headline":"L&#8217;arma araldica della famiglia Suffritti &#8211; Muzii, e alcune idee sparpagliate di araldica","datePublished":"2025-11-27T10:55:50+00:00","dateModified":"2025-11-28T17:53:56+00:00","mainEntityOfPage":{"@id":"https:\/\/www.suffritti.it\/?p=168"},"wordCount":2682,"publisher":{"@id":"https:\/\/www.suffritti.it\/#\/schema\/person\/7d2b80cf72d9701c47de6ad671953fce"},"image":{"@id":"https:\/\/www.suffritti.it\/?p=168#primaryimage"},"thumbnailUrl":"https:\/\/www.suffritti.it\/wp-content\/uploads\/2025\/11\/arma-suffritti-trasp.png","keywords":["araldi","araldica","collini","evoluzione di un arma araldica","muzii","suffritti"],"articleSection":["Storia"],"inLanguage":"it-IT"},{"@type":"WebPage","@id":"https:\/\/www.suffritti.it\/?p=168","url":"https:\/\/www.suffritti.it\/?p=168","name":"L'arma araldica della famiglia Suffritti - Muzii, e alcune idee sparpagliate di araldica - Suffritti.it","isPartOf":{"@id":"https:\/\/www.suffritti.it\/#website"},"primaryImageOfPage":{"@id":"https:\/\/www.suffritti.it\/?p=168#primaryimage"},"image":{"@id":"https:\/\/www.suffritti.it\/?p=168#primaryimage"},"thumbnailUrl":"https:\/\/www.suffritti.it\/wp-content\/uploads\/2025\/11\/arma-suffritti-trasp.png","datePublished":"2025-11-27T10:55:50+00:00","dateModified":"2025-11-28T17:53:56+00:00","breadcrumb":{"@id":"https:\/\/www.suffritti.it\/?p=168#breadcrumb"},"inLanguage":"it-IT","potentialAction":[{"@type":"ReadAction","target":["https:\/\/www.suffritti.it\/?p=168"]}]},{"@type":"ImageObject","inLanguage":"it-IT","@id":"https:\/\/www.suffritti.it\/?p=168#primaryimage","url":"https:\/\/www.suffritti.it\/wp-content\/uploads\/2025\/11\/arma-suffritti-trasp.png","contentUrl":"https:\/\/www.suffritti.it\/wp-content\/uploads\/2025\/11\/arma-suffritti-trasp.png","width":1094,"height":1329},{"@type":"BreadcrumbList","@id":"https:\/\/www.suffritti.it\/?p=168#breadcrumb","itemListElement":[{"@type":"ListItem","position":1,"name":"Home","item":"https:\/\/www.suffritti.it\/"},{"@type":"ListItem","position":2,"name":"L&#8217;arma araldica della famiglia Suffritti &#8211; Muzii, e alcune idee sparpagliate di araldica"}]},{"@type":"WebSite","@id":"https:\/\/www.suffritti.it\/#website","url":"https:\/\/www.suffritti.it\/","name":"Suffritti.it","description":"la nostra web-casa","publisher":{"@id":"https:\/\/www.suffritti.it\/#\/schema\/person\/7d2b80cf72d9701c47de6ad671953fce"},"potentialAction":[{"@type":"SearchAction","target":{"@type":"EntryPoint","urlTemplate":"https:\/\/www.suffritti.it\/?s={search_term_string}"},"query-input":{"@type":"PropertyValueSpecification","valueRequired":true,"valueName":"search_term_string"}}],"inLanguage":"it-IT"},{"@type":["Person","Organization"],"@id":"https:\/\/www.suffritti.it\/#\/schema\/person\/7d2b80cf72d9701c47de6ad671953fce","name":"Pietro Suffritti","image":{"@type":"ImageObject","inLanguage":"it-IT","@id":"https:\/\/www.suffritti.it\/wp-content\/uploads\/2023\/04\/PietroSamuraiSmall.png","url":"https:\/\/www.suffritti.it\/wp-content\/uploads\/2023\/04\/PietroSamuraiSmall.png","contentUrl":"https:\/\/www.suffritti.it\/wp-content\/uploads\/2023\/04\/PietroSamuraiSmall.png","width":500,"height":500,"caption":"Pietro Suffritti"},"logo":{"@id":"https:\/\/www.suffritti.it\/wp-content\/uploads\/2023\/04\/PietroSamuraiSmall.png"},"sameAs":["https:\/\/www.suffritti.it"]},{"@type":"Person","@id":"https:\/\/www.suffritti.it\/#\/schema\/person\/25968c092d5ef4aaa159df8a6c2c5867","name":"Pietro Suffritti Legolas","image":{"@type":"ImageObject","inLanguage":"it-IT","@id":"https:\/\/secure.gravatar.com\/avatar\/2b5ab3f33d085850c0751a152cf758b84e513a2c235ac2bd814c1121f2af1709?s=96&d=mm&r=g","url":"https:\/\/secure.gravatar.com\/avatar\/2b5ab3f33d085850c0751a152cf758b84e513a2c235ac2bd814c1121f2af1709?s=96&d=mm&r=g","contentUrl":"https:\/\/secure.gravatar.com\/avatar\/2b5ab3f33d085850c0751a152cf758b84e513a2c235ac2bd814c1121f2af1709?s=96&d=mm&r=g","caption":"Pietro Suffritti Legolas"},"url":"https:\/\/www.suffritti.it\/?author=2"}]}},"_links":{"self":[{"href":"https:\/\/www.suffritti.it\/index.php?rest_route=\/wp\/v2\/posts\/168","targetHints":{"allow":["GET"]}}],"collection":[{"href":"https:\/\/www.suffritti.it\/index.php?rest_route=\/wp\/v2\/posts"}],"about":[{"href":"https:\/\/www.suffritti.it\/index.php?rest_route=\/wp\/v2\/types\/post"}],"author":[{"embeddable":true,"href":"https:\/\/www.suffritti.it\/index.php?rest_route=\/wp\/v2\/users\/2"}],"replies":[{"embeddable":true,"href":"https:\/\/www.suffritti.it\/index.php?rest_route=%2Fwp%2Fv2%2Fcomments&post=168"}],"version-history":[{"count":21,"href":"https:\/\/www.suffritti.it\/index.php?rest_route=\/wp\/v2\/posts\/168\/revisions"}],"predecessor-version":[{"id":226,"href":"https:\/\/www.suffritti.it\/index.php?rest_route=\/wp\/v2\/posts\/168\/revisions\/226"}],"wp:featuredmedia":[{"embeddable":true,"href":"https:\/\/www.suffritti.it\/index.php?rest_route=\/wp\/v2\/media\/182"}],"wp:attachment":[{"href":"https:\/\/www.suffritti.it\/index.php?rest_route=%2Fwp%2Fv2%2Fmedia&parent=168"}],"wp:term":[{"taxonomy":"category","embeddable":true,"href":"https:\/\/www.suffritti.it\/index.php?rest_route=%2Fwp%2Fv2%2Fcategories&post=168"},{"taxonomy":"post_tag","embeddable":true,"href":"https:\/\/www.suffritti.it\/index.php?rest_route=%2Fwp%2Fv2%2Ftags&post=168"}],"curies":[{"name":"wp","href":"https:\/\/api.w.org\/{rel}","templated":true}]}}