{"id":134,"date":"2023-08-22T13:57:59","date_gmt":"2023-08-22T13:57:59","guid":{"rendered":"https:\/\/www.suffritti.it\/?p=134"},"modified":"2023-08-22T13:58:18","modified_gmt":"2023-08-22T13:58:18","slug":"il-generale-leonida-e-la-difesa-della-tradizione-e-del-pensiero-comune","status":"publish","type":"post","link":"https:\/\/www.suffritti.it\/?p=134","title":{"rendered":"Il generale Leonida e la difesa della tradizione e del pensiero comune"},"content":{"rendered":"\n<p>&#8211; Leonida, mio signore, i soldati sono pronti attendono solo un tuo segnale.<br>&#8211; Molto bene Cisterione. Oggi alle Termopili faremo la storia e renderemo eterno il nome di Sparta!<br>&#8211; S\u00ec, mio re.<br>&#8211; L\u2019hai ciucciato un cazzo?<br>&#8211; No.<br>&#8211; Un bel cazzo. Una cappellona lucida.<br>&#8211; No.<br>&#8211; Dovresti. Porta bene prima della battaglia fare un bello sgargatubo a un compagno d\u2019armi. Aiuta il morale e rilassa i nervi.<br>&#8211; Io non\u2026<br>&#8211; Ho capito, preferisci riceverlo. Non c\u2019\u00e8 problema, ci penso io ragazzo. Leoniprende e Leonida.<br>&#8211; No, mio generale, non \u00e8 quello.<br>&#8211; E allora cosa?<br>&#8211; Sono etero.<br>&#8211; Scusa?<br>&#8211; Sono etero.<br>&#8211; E cosa diavolo ci fa un eterosessuale nel mio esercito?<br>&#8211; \u00c8 un problema?<br>&#8211; Certo che \u00e8 un problema!<br>&#8211; Perch\u00e9?<br>&#8211; Dai, non farmelo dire.<br>&#8211; No, no, dillo.<br>&#8211; Perch\u00e9 \u00e8 contronatura! Da che mondo \u00e8 mondo l\u2019esercito \u00e8 una fiera istituzione omosessuale.<br>&#8211; Ah s\u00ec?<br>&#8211; Pensaci bene, siamo un gruppo di uomini con la passione per il cuoio, gli addominali,  gli accessori, le docce comuni e abbiamo un cambio d\u2019abito per ogni occasione.<br>&#8211; &#8230; <br>&#8211; Eh ma lo immaginavo, d\u2019altra parte non fai niente per nasconderlo. La tua ossessione per la figa e le schede grafiche era sospetta.<br>&#8211; Dovrei nasconderlo?<br>&#8211; No, per carit\u00e0. Ma neanche sbattercelo in faccia cos\u00ec, per\u00f2. Quello che fai fra le mura di casa tua non mi interessa, per\u00f2 qui non puoi mettere a disagio i tuoi compagni con la tua straripante eterosessualit\u00e0.<br>&#8211; Li metto a disagio?<br>&#8211; Ci hai fatto vedere John Wick 4.<br>&#8211; Pensavo vi piacesse.<br>&#8211; Durante la serata Xavier Dolan!<br>&#8211; Volevo farvi conoscere roba nuova.<br>&#8211; E poi i Ray-Ban, la maglietta di Lautaro e questo tuo continuo parlare di chad. Cosa sarebbe un chad?<br>&#8211; \u00c8 un grande simbolo eterosessuale: un maschio alfa muscoloso e dalle grandi doti di leadership.<br>&#8211; Cio\u00e8 io.<br>&#8211; S\u00ec, devo ammettere che questa cosa mi rende un po\u2019 confuso\u2026<br>&#8211; Ascoltami, non voglio che pensi che io sia eterofobico.<br>&#8211; Un po\u2019 lo penso.<br>&#8211; Sciocchezze! Ho un sacco di amici etero, tutte bravissime persone. Ma hanno la decenza di fare cose da etero e lasciare la guerra a noi gay!<br>&#8211; E quali sarebbero le cose da etero?<br>&#8211; Ma dai lo sai, le cose da etero: sedersi a gambe aperte, il Motomondiale, il fantacalcio, lo stupro.<br>&#8211; Questi sono disgustosi stereotipi che gettano fango su tutti noi!<br>&#8211; Fa pure la vittima adesso. Va l\u00e0, che sei iperprotetto.<br>&#8211; Ma se non c\u2019ho manco lo scudo. Ho solo la lancia.<br>&#8211; Intendo protetto dalla potente lobby etero che vi rende intoccabili.<br>&#8211; Mi stai cacciando dall\u2019esercito, a Sparta son cittadino di serie b, dov\u2019\u00e8 che sono intoccabile?<br>&#8211; Ascolta, Cisterione, cerca di capirmi. Il mio ruolo non \u00e8 solo quello del sovrano e del generale, ma anche di difensore della tradizione. Tu rappresenti una minoranza che va contro ogni legge naturale.<br>&#8211; Perch\u00e9?<br>&#8211; Immagina cosa succederebbe se fossimo tutti etero.<br>&#8211; Cosa?<br>&#8211; Sovrappopolazione. L\u2019umanit\u00e0 collasserebbe. Invece una minoranza etero permette la sopravvivenza della specie, mentre noi gay prendiamo a calci nel culo i persiani e arrediamo le nostre case coi loro graziosi tappeti.<br>&#8211; Sta cosa \u00e8 delirante, Leonida.<br>&#8211; No, \u00e8 solo scomoda alle tue orecchie assordate dal pensiero unico, quello che ci costringe al buonismo a tutti i costi! Questa societ\u00e0 malata, priva di valori, che con la sua narrazione ha distorto i nostri giovani imponendogli la vostra propaganda etero!<br>&#8211; Propaganda etero?<br>&#8211; Non far finta di niente, lo sai benissimo che andate in giro a raccontare ai ragazzini che se ti piace la figa non \u00e8 un problema. Che se ti vuoi comprare un paio di nike o un barbecue professionale, va bene.<br>&#8211; Ma che cazzo c\u2019entra come mi vesto o cosa mi piace?<br>&#8211; Ma non ti rendi conto che state corrompendo il tessuto stesso che regola la nostra societ\u00e0? Poi vi voglio proprio vedere ad andare a combattere le guerre con le vostre pance da birra e i vostri pantaloni cargo. Ci facciamo ridere dietro da tutta la Grecia.<br>&#8211; Perch\u00e9?<br>&#8211; Perch\u00e9 non \u00e8 normale! L\u2019eterosessualit\u00e0 nell\u2019esercito non \u00e8 normale! E tu lo devi accettare. L\u2019esercito \u00e8 gay. La guerra \u00e8 gay. Punto e basta! Cos\u00ec \u00e8 sempre stato e cos\u00ec sempre sar\u00e0! E questa normalit\u00e0 va tutelata per il bene di tutti! Io, in quanto generale omosessuale di questo grande esercito omosessuale, sento che \u00e8 mio impegno preciso spiegarlo a quante pi\u00f9 persone possibile.<br>&#8211; Non vorrai mica far questo discorso ai soldati?<br>&#8211; Meglio, ho scritto un libro.<\/p>\n","protected":false},"excerpt":{"rendered":"<p>&#8211; Leonida, mio signore, i soldati sono pronti attendono solo un tuo segnale.&#8211; Molto bene Cisterione. Oggi alle Termopili faremo la storia e renderemo eterno il nome di Sparta!&#8211; S\u00ec, &#8230;<\/p>\n","protected":false},"author":2,"featured_media":0,"comment_status":"closed","ping_status":"open","sticky":false,"template":"","format":"standard","meta":{"footnotes":""},"categories":[44],"tags":[],"class_list":["post-134","post","type-post","status-publish","format-standard","hentry","category-cdcnfnan"],"yoast_head":"<!-- This site is optimized with the Yoast SEO plugin v27.5 - https:\/\/yoast.com\/product\/yoast-seo-wordpress\/ -->\n<title>Il generale Leonida e la difesa della tradizione e del pensiero comune - Suffritti.it<\/title>\n<meta name=\"robots\" content=\"index, follow, max-snippet:-1, max-image-preview:large, max-video-preview:-1\" \/>\n<link rel=\"canonical\" href=\"https:\/\/www.suffritti.it\/?p=134\" \/>\n<meta property=\"og:locale\" content=\"it_IT\" \/>\n<meta property=\"og:type\" content=\"article\" \/>\n<meta property=\"og:title\" content=\"Il generale Leonida e la difesa della tradizione e del pensiero comune - Suffritti.it\" \/>\n<meta property=\"og:description\" content=\"&#8211; Leonida, mio signore, i soldati sono pronti attendono solo un tuo segnale.&#8211; Molto bene Cisterione. Oggi alle Termopili faremo la storia e renderemo eterno il nome di Sparta!&#8211; S\u00ec, ...\" \/>\n<meta property=\"og:url\" content=\"https:\/\/www.suffritti.it\/?p=134\" \/>\n<meta property=\"og:site_name\" content=\"Suffritti.it\" \/>\n<meta property=\"article:published_time\" content=\"2023-08-22T13:57:59+00:00\" \/>\n<meta property=\"article:modified_time\" content=\"2023-08-22T13:58:18+00:00\" \/>\n<meta name=\"author\" content=\"Pietro Suffritti Legolas\" \/>\n<meta name=\"twitter:card\" content=\"summary_large_image\" \/>\n<meta name=\"twitter:label1\" content=\"Scritto da\" \/>\n\t<meta name=\"twitter:data1\" content=\"Pietro Suffritti Legolas\" \/>\n\t<meta name=\"twitter:label2\" content=\"Tempo di lettura stimato\" \/>\n\t<meta name=\"twitter:data2\" content=\"4 minuti\" \/>\n<script type=\"application\/ld+json\" class=\"yoast-schema-graph\">{\"@context\":\"https:\\\/\\\/schema.org\",\"@graph\":[{\"@type\":\"Article\",\"@id\":\"https:\\\/\\\/www.suffritti.it\\\/?p=134#article\",\"isPartOf\":{\"@id\":\"https:\\\/\\\/www.suffritti.it\\\/?p=134\"},\"author\":{\"name\":\"Pietro Suffritti Legolas\",\"@id\":\"https:\\\/\\\/www.suffritti.it\\\/#\\\/schema\\\/person\\\/25968c092d5ef4aaa159df8a6c2c5867\"},\"headline\":\"Il generale Leonida e la difesa della tradizione e del pensiero comune\",\"datePublished\":\"2023-08-22T13:57:59+00:00\",\"dateModified\":\"2023-08-22T13:58:18+00:00\",\"mainEntityOfPage\":{\"@id\":\"https:\\\/\\\/www.suffritti.it\\\/?p=134\"},\"wordCount\":783,\"publisher\":{\"@id\":\"https:\\\/\\\/www.suffritti.it\\\/#\\\/schema\\\/person\\\/7d2b80cf72d9701c47de6ad671953fce\"},\"articleSection\":[\"CDCNFNAN\"],\"inLanguage\":\"it-IT\"},{\"@type\":\"WebPage\",\"@id\":\"https:\\\/\\\/www.suffritti.it\\\/?p=134\",\"url\":\"https:\\\/\\\/www.suffritti.it\\\/?p=134\",\"name\":\"Il generale Leonida e la difesa della tradizione e del pensiero comune - Suffritti.it\",\"isPartOf\":{\"@id\":\"https:\\\/\\\/www.suffritti.it\\\/#website\"},\"datePublished\":\"2023-08-22T13:57:59+00:00\",\"dateModified\":\"2023-08-22T13:58:18+00:00\",\"breadcrumb\":{\"@id\":\"https:\\\/\\\/www.suffritti.it\\\/?p=134#breadcrumb\"},\"inLanguage\":\"it-IT\",\"potentialAction\":[{\"@type\":\"ReadAction\",\"target\":[\"https:\\\/\\\/www.suffritti.it\\\/?p=134\"]}]},{\"@type\":\"BreadcrumbList\",\"@id\":\"https:\\\/\\\/www.suffritti.it\\\/?p=134#breadcrumb\",\"itemListElement\":[{\"@type\":\"ListItem\",\"position\":1,\"name\":\"Home\",\"item\":\"https:\\\/\\\/www.suffritti.it\\\/\"},{\"@type\":\"ListItem\",\"position\":2,\"name\":\"Il generale Leonida e la difesa della tradizione e del pensiero comune\"}]},{\"@type\":\"WebSite\",\"@id\":\"https:\\\/\\\/www.suffritti.it\\\/#website\",\"url\":\"https:\\\/\\\/www.suffritti.it\\\/\",\"name\":\"Suffritti.it\",\"description\":\"la nostra web-casa\",\"publisher\":{\"@id\":\"https:\\\/\\\/www.suffritti.it\\\/#\\\/schema\\\/person\\\/7d2b80cf72d9701c47de6ad671953fce\"},\"potentialAction\":[{\"@type\":\"SearchAction\",\"target\":{\"@type\":\"EntryPoint\",\"urlTemplate\":\"https:\\\/\\\/www.suffritti.it\\\/?s={search_term_string}\"},\"query-input\":{\"@type\":\"PropertyValueSpecification\",\"valueRequired\":true,\"valueName\":\"search_term_string\"}}],\"inLanguage\":\"it-IT\"},{\"@type\":[\"Person\",\"Organization\"],\"@id\":\"https:\\\/\\\/www.suffritti.it\\\/#\\\/schema\\\/person\\\/7d2b80cf72d9701c47de6ad671953fce\",\"name\":\"Pietro Suffritti\",\"image\":{\"@type\":\"ImageObject\",\"inLanguage\":\"it-IT\",\"@id\":\"https:\\\/\\\/www.suffritti.it\\\/wp-content\\\/uploads\\\/2023\\\/04\\\/PietroSamuraiSmall.png\",\"url\":\"https:\\\/\\\/www.suffritti.it\\\/wp-content\\\/uploads\\\/2023\\\/04\\\/PietroSamuraiSmall.png\",\"contentUrl\":\"https:\\\/\\\/www.suffritti.it\\\/wp-content\\\/uploads\\\/2023\\\/04\\\/PietroSamuraiSmall.png\",\"width\":500,\"height\":500,\"caption\":\"Pietro Suffritti\"},\"logo\":{\"@id\":\"https:\\\/\\\/www.suffritti.it\\\/wp-content\\\/uploads\\\/2023\\\/04\\\/PietroSamuraiSmall.png\"},\"sameAs\":[\"https:\\\/\\\/www.suffritti.it\"]},{\"@type\":\"Person\",\"@id\":\"https:\\\/\\\/www.suffritti.it\\\/#\\\/schema\\\/person\\\/25968c092d5ef4aaa159df8a6c2c5867\",\"name\":\"Pietro Suffritti Legolas\",\"image\":{\"@type\":\"ImageObject\",\"inLanguage\":\"it-IT\",\"@id\":\"https:\\\/\\\/secure.gravatar.com\\\/avatar\\\/2b5ab3f33d085850c0751a152cf758b84e513a2c235ac2bd814c1121f2af1709?s=96&d=mm&r=g\",\"url\":\"https:\\\/\\\/secure.gravatar.com\\\/avatar\\\/2b5ab3f33d085850c0751a152cf758b84e513a2c235ac2bd814c1121f2af1709?s=96&d=mm&r=g\",\"contentUrl\":\"https:\\\/\\\/secure.gravatar.com\\\/avatar\\\/2b5ab3f33d085850c0751a152cf758b84e513a2c235ac2bd814c1121f2af1709?s=96&d=mm&r=g\",\"caption\":\"Pietro Suffritti Legolas\"},\"url\":\"https:\\\/\\\/www.suffritti.it\\\/?author=2\"}]}<\/script>\n<!-- \/ Yoast SEO plugin. -->","yoast_head_json":{"title":"Il generale Leonida e la difesa della tradizione e del pensiero comune - Suffritti.it","robots":{"index":"index","follow":"follow","max-snippet":"max-snippet:-1","max-image-preview":"max-image-preview:large","max-video-preview":"max-video-preview:-1"},"canonical":"https:\/\/www.suffritti.it\/?p=134","og_locale":"it_IT","og_type":"article","og_title":"Il generale Leonida e la difesa della tradizione e del pensiero comune - Suffritti.it","og_description":"&#8211; Leonida, mio signore, i soldati sono pronti attendono solo un tuo segnale.&#8211; Molto bene Cisterione. Oggi alle Termopili faremo la storia e renderemo eterno il nome di Sparta!&#8211; S\u00ec, ...","og_url":"https:\/\/www.suffritti.it\/?p=134","og_site_name":"Suffritti.it","article_published_time":"2023-08-22T13:57:59+00:00","article_modified_time":"2023-08-22T13:58:18+00:00","author":"Pietro Suffritti Legolas","twitter_card":"summary_large_image","twitter_misc":{"Scritto da":"Pietro Suffritti Legolas","Tempo di lettura stimato":"4 minuti"},"schema":{"@context":"https:\/\/schema.org","@graph":[{"@type":"Article","@id":"https:\/\/www.suffritti.it\/?p=134#article","isPartOf":{"@id":"https:\/\/www.suffritti.it\/?p=134"},"author":{"name":"Pietro Suffritti Legolas","@id":"https:\/\/www.suffritti.it\/#\/schema\/person\/25968c092d5ef4aaa159df8a6c2c5867"},"headline":"Il generale Leonida e la difesa della tradizione e del pensiero comune","datePublished":"2023-08-22T13:57:59+00:00","dateModified":"2023-08-22T13:58:18+00:00","mainEntityOfPage":{"@id":"https:\/\/www.suffritti.it\/?p=134"},"wordCount":783,"publisher":{"@id":"https:\/\/www.suffritti.it\/#\/schema\/person\/7d2b80cf72d9701c47de6ad671953fce"},"articleSection":["CDCNFNAN"],"inLanguage":"it-IT"},{"@type":"WebPage","@id":"https:\/\/www.suffritti.it\/?p=134","url":"https:\/\/www.suffritti.it\/?p=134","name":"Il generale Leonida e la difesa della tradizione e del pensiero comune - Suffritti.it","isPartOf":{"@id":"https:\/\/www.suffritti.it\/#website"},"datePublished":"2023-08-22T13:57:59+00:00","dateModified":"2023-08-22T13:58:18+00:00","breadcrumb":{"@id":"https:\/\/www.suffritti.it\/?p=134#breadcrumb"},"inLanguage":"it-IT","potentialAction":[{"@type":"ReadAction","target":["https:\/\/www.suffritti.it\/?p=134"]}]},{"@type":"BreadcrumbList","@id":"https:\/\/www.suffritti.it\/?p=134#breadcrumb","itemListElement":[{"@type":"ListItem","position":1,"name":"Home","item":"https:\/\/www.suffritti.it\/"},{"@type":"ListItem","position":2,"name":"Il generale Leonida e la difesa della tradizione e del pensiero comune"}]},{"@type":"WebSite","@id":"https:\/\/www.suffritti.it\/#website","url":"https:\/\/www.suffritti.it\/","name":"Suffritti.it","description":"la nostra web-casa","publisher":{"@id":"https:\/\/www.suffritti.it\/#\/schema\/person\/7d2b80cf72d9701c47de6ad671953fce"},"potentialAction":[{"@type":"SearchAction","target":{"@type":"EntryPoint","urlTemplate":"https:\/\/www.suffritti.it\/?s={search_term_string}"},"query-input":{"@type":"PropertyValueSpecification","valueRequired":true,"valueName":"search_term_string"}}],"inLanguage":"it-IT"},{"@type":["Person","Organization"],"@id":"https:\/\/www.suffritti.it\/#\/schema\/person\/7d2b80cf72d9701c47de6ad671953fce","name":"Pietro Suffritti","image":{"@type":"ImageObject","inLanguage":"it-IT","@id":"https:\/\/www.suffritti.it\/wp-content\/uploads\/2023\/04\/PietroSamuraiSmall.png","url":"https:\/\/www.suffritti.it\/wp-content\/uploads\/2023\/04\/PietroSamuraiSmall.png","contentUrl":"https:\/\/www.suffritti.it\/wp-content\/uploads\/2023\/04\/PietroSamuraiSmall.png","width":500,"height":500,"caption":"Pietro Suffritti"},"logo":{"@id":"https:\/\/www.suffritti.it\/wp-content\/uploads\/2023\/04\/PietroSamuraiSmall.png"},"sameAs":["https:\/\/www.suffritti.it"]},{"@type":"Person","@id":"https:\/\/www.suffritti.it\/#\/schema\/person\/25968c092d5ef4aaa159df8a6c2c5867","name":"Pietro Suffritti Legolas","image":{"@type":"ImageObject","inLanguage":"it-IT","@id":"https:\/\/secure.gravatar.com\/avatar\/2b5ab3f33d085850c0751a152cf758b84e513a2c235ac2bd814c1121f2af1709?s=96&d=mm&r=g","url":"https:\/\/secure.gravatar.com\/avatar\/2b5ab3f33d085850c0751a152cf758b84e513a2c235ac2bd814c1121f2af1709?s=96&d=mm&r=g","contentUrl":"https:\/\/secure.gravatar.com\/avatar\/2b5ab3f33d085850c0751a152cf758b84e513a2c235ac2bd814c1121f2af1709?s=96&d=mm&r=g","caption":"Pietro Suffritti Legolas"},"url":"https:\/\/www.suffritti.it\/?author=2"}]}},"_links":{"self":[{"href":"https:\/\/www.suffritti.it\/index.php?rest_route=\/wp\/v2\/posts\/134","targetHints":{"allow":["GET"]}}],"collection":[{"href":"https:\/\/www.suffritti.it\/index.php?rest_route=\/wp\/v2\/posts"}],"about":[{"href":"https:\/\/www.suffritti.it\/index.php?rest_route=\/wp\/v2\/types\/post"}],"author":[{"embeddable":true,"href":"https:\/\/www.suffritti.it\/index.php?rest_route=\/wp\/v2\/users\/2"}],"replies":[{"embeddable":true,"href":"https:\/\/www.suffritti.it\/index.php?rest_route=%2Fwp%2Fv2%2Fcomments&post=134"}],"version-history":[{"count":1,"href":"https:\/\/www.suffritti.it\/index.php?rest_route=\/wp\/v2\/posts\/134\/revisions"}],"predecessor-version":[{"id":135,"href":"https:\/\/www.suffritti.it\/index.php?rest_route=\/wp\/v2\/posts\/134\/revisions\/135"}],"wp:attachment":[{"href":"https:\/\/www.suffritti.it\/index.php?rest_route=%2Fwp%2Fv2%2Fmedia&parent=134"}],"wp:term":[{"taxonomy":"category","embeddable":true,"href":"https:\/\/www.suffritti.it\/index.php?rest_route=%2Fwp%2Fv2%2Fcategories&post=134"},{"taxonomy":"post_tag","embeddable":true,"href":"https:\/\/www.suffritti.it\/index.php?rest_route=%2Fwp%2Fv2%2Ftags&post=134"}],"curies":[{"name":"wp","href":"https:\/\/api.w.org\/{rel}","templated":true}]}}