{"id":118,"date":"2023-08-19T11:08:19","date_gmt":"2023-08-19T11:08:19","guid":{"rendered":"https:\/\/www.suffritti.it\/?p=118"},"modified":"2023-08-19T15:23:58","modified_gmt":"2023-08-19T15:23:58","slug":"da-privato-di-pure-quel-che-vuoi-con-la-divisa-no","status":"publish","type":"post","link":"https:\/\/www.suffritti.it\/?p=118","title":{"rendered":"Da privato di pure quel che vuoi, con la divisa no"},"content":{"rendered":"\n<p>Giunge notizia che il gen. Vannacci sia stato destituito dal ruolo di direttore dell&#8217;IGV e &#8220;messo a disposizione di stato maggiore esercito https:\/\/www.ilpost.it\/2023\/08\/18\/roberto-vannacci-destituito\/<\/p>\n\n\n\n<p>Questo a seguito del fatto che il generale abbia autopubblicato un libro omofobo, sessista, misogino e stracolmo di affermazioni spacciate per &#8220;assolute verit\u00e0&#8221; in nome di una presunta &#8220;libert\u00e0 di espressione&#8221;, che oggi impazza sui social come se fosse non &#8220;un&#8221; assoluto, bens\u00ec &#8220;l&#8217;assoluto definitivo diritto&#8221;<\/p>\n\n\n\n<p>Trovo che su questa cosa l&#8217;ignoranza galoppante che pervade ormai la nostra popolazione (ricordiamo sempre il sorpasso degli analfabeti funzionali su coloro che sanno leggere e comprendere un testo) stia facendo incredibili danni.<\/p>\n\n\n\n<p>Forse intanto bisognerebbe capire che la libert\u00e0 di dire quel che si vuole \u00e8 estremamente limitata, nonostante tutte le cazzate che ci raccontano.<\/p>\n\n\n\n<p>Non siamo liberi di insultare gli altri danneggiandone pubblicamente l&#8217;onore, \u00e8 un reato che si chiama diffamazione.<\/p>\n\n\n\n<p>Non siamo liberi di fare propaganda alla rifondazione del disciolto partito nazionale fascista, anche questo \u00e8 un reato previsto non solo dalla legge scelba, ma direttamente dalla costituzione.<\/p>\n\n\n\n<p>Non siamo liberi di diffondere idee, pensieri e parole che spingano altri a commettere reati, si chiama istigazione a delinquere. <\/p>\n\n\n\n<p>E potrei continuare a lungo sulle limitazioni della mitica libert\u00e0 di espressione, che sostanzialmente andrebbe ricordato essere sottoposta alla regola della nonna &#8220;la tua libert\u00e0 finisce dove inizia la mia&#8221; .<\/p>\n\n\n\n<p>Ma intanto fermiamoci qui, e facciamo una riflessione.<\/p>\n\n\n\n<p>Se tu pretendi totale libert\u00e0 di espressione, pretendi anche che ce l&#8217;abbiano tutti.<\/p>\n\n\n\n<p>Compreso quelli che, letto quello che scrivi, provano un forte desiderio di mandarti a fare in culo, quelli che non vogliono vedere le tue cialtronate espresse su un media di loro propriet\u00e0, o che si rifiutano di frequentare &#8220;posti&#8221; dove ci sei anche tu.<\/p>\n\n\n\n<p>Non ti lamentare poi della censura, non \u00e8 censura, si tratta del fatto che sei sgradevole e quindi la gente, libera quanto te, ti mostra la porta.<\/p>\n\n\n\n<p>E questa \u00e8 una riflessione che vale per tutti. Ma per chi indossa una divisa?<\/p>\n\n\n\n<p>Per chi indossa una divisa la cosa \u00e8 molto pi\u00f9 stringente, perch\u00e9 il tuo operato deve in ogni cosa riflettere il tuo stato di servitore dello stato. Dello stato REPUBBLICANO, LAICO, ANTIFASCISTA, UGUALITARIO, DEMOCRATICO, e in generale che si rif\u00e0 a tutti i principi fondamentali espressi dalla costituzione, compresa l&#8217;uguaglianza dei cittadini davanti allo stato.<\/p>\n\n\n\n<p>L&#8217;articolo 3 della costituzione dovresti avercelo tatuato sul cuore :<\/p>\n\n\n\n<p>Art. 3. Tutti i cittadini hanno pari dignit\u00e0 sociale e sono eguali davanti alla legge, senza distinzione di sesso, di razza, di lingua, di religione, di opinioni politiche, di condizioni personali e sociali.<\/p>\n\n\n\n<p>Non puoi essere un fascista e indossare una divisa, perch\u00e9 il fascismo non \u00e8 un parere ma un reato. Ed \u00e8 l&#8217;opposto di ci\u00f2 che quella divisa rappresenta.<\/p>\n\n\n\n<p>Non puoi discriminare i cittadini per sesso (tutti i parametri di sesso, non solo maschio o femmina, anche &#8220;con chi ti va o non ti va di fare sesso laddove te ne venisse voglia&#8221;), per razza (quindi non puoi decidere che un tizio sia pi\u00f9 o meno italiano in base a quello che sembra a te in base a colore della pelle, pieghe epicantiche o presenza o meno del prepuzio), per lingua (e non si parla solo del sardo, anche lo swahili), per religione (gi\u00e0, non puoi nemmeno dire dietro ad ebrei, atei o pastafariani), n\u00e9 per opinioni politiche (ancora una volta, il fascismo al contrario del conservatorismo non \u00e8 una opinione politica, ma un reato), n\u00e9 tanto meno se uno \u00e8 ricco, povero, nobile o plebeo.<\/p>\n\n\n\n<p>Non puoi proprio. Ti \u00e8 vietato, chiaro?<\/p>\n\n\n\n<p>Cos\u00ec come nell&#8217;indossare la divisa lo stato ti ha dato dei poteri (per esempio l&#8217;esercizio legale della violenza), ti ha imposto dei limiti, che hai accettato col giuramento.<\/p>\n\n\n\n<p>Quindi no, mi spiace caro signor Vannacci, ma mentre io sono libero di ricordarle i suoi limiti costituzionali, lei non \u00e8 libero di esprimere giudizi, idee ed opinioni avversi ai principi basilari della costituzione, perch\u00e9 lei ha liberamente giurato di difenderli, e se la pensa diversamente, allora l&#8217;ovvia conseguenza deve essere la sua rinuncia a onori e poteri connessi alla servit\u00f9 dello stato.<\/p>\n\n\n\n<p>Lei non fa &#8220;un lavoro&#8221;. Lei difende la repubblica. E la repubblica \u00e8 tale perch\u00e9 al terzo posto dei suoi valori fondamentali ci sono tutti quei parametri che lei ha disprezzato nel suo libello.<\/p>\n\n\n\n<p>Quando poi la cosa non viene semplicemente da qualcuno che indossa la divisa, ma da un alto dirigente come pu\u00f2 essere un generale, la cosa diventa esponenziale :<\/p>\n\n\n\n<p>Cosa ci garantisce che lei non discriminer\u00e0 le donne al suo comando? E se scoprisse un gay sotto i suoi ordini? E quando un italiano di tre generazioni con tratti somatici tutsu o ainu o cinesi diventer\u00e0 colonnello sotto il suo comando, cosa ci garantisce che non gli stroncher\u00e0 la carriera solo perch\u00e9 lei \u00e8 uno schifoso razzista, e a culo la costituzione?<\/p>\n\n\n\n<p>Mi spiace generale, ma se lei fosse davvero l&#8217;eroico combattente che la destra italiana ha voluto dipingere sui giornali, e davvero per lei le sue idee fossero cos\u00ec importanti come afferma, non si nasconderebbe dietro un &#8220;sono state estrapolate dal contesto&#8221;. <\/p>\n\n\n\n<p>Non \u00e8 stato &#8220;estrapolato&#8221; nulla, \u00e8 la situazione \u00e8 ancora pi\u00f9 grave di quanto si possa capire dai giornali.<\/p>\n\n\n\n<p>No, avrebbe dato le dimissioni, immediate e irrevocabili, prima di pubblicare forzatamente e a sue spese un ammasso di odio antirepubblicano come quello che nessuno voleva pubblicare e che lei ha sbattuto lo stesso in faccia alla popolazione della repubblica italiana.<\/p>\n\n\n\n<p>E francamente adesso non aspetterebbe le decisioni di un ministro come crosetto, chiaramente di parte e che ha comunque imbarazzato cos\u00ec tanto da farlo smuovere lo stesso.<\/p>\n\n\n\n<p>Si tolga quella divisa, perch\u00e9 pu\u00f2 avere combattuto per anni sotto il tricolore e fatto qualunque cosa per la repubblica, ma se non riconosce pi\u00f9 i suoi principi di base, \u00e8 libero di lasciare il servizio, non di negare ci\u00f2 che il servizio \u00e8. <\/p>\n","protected":false},"excerpt":{"rendered":"<p>Giunge notizia che il gen. Vannacci sia stato destituito dal ruolo di direttore dell&#8217;IGV e &#8220;messo a disposizione di stato maggiore esercito https:\/\/www.ilpost.it\/2023\/08\/18\/roberto-vannacci-destituito\/ Questo a seguito del fatto che il &#8230;<\/p>\n","protected":false},"author":1,"featured_media":117,"comment_status":"closed","ping_status":"open","sticky":false,"template":"","format":"standard","meta":{"footnotes":""},"categories":[44],"tags":[],"class_list":["post-118","post","type-post","status-publish","format-standard","has-post-thumbnail","hentry","category-cdcnfnan"],"yoast_head":"<!-- This site is optimized with the Yoast SEO plugin v27.5 - https:\/\/yoast.com\/product\/yoast-seo-wordpress\/ -->\n<title>Da privato di pure quel che vuoi, con la divisa no - Suffritti.it<\/title>\n<meta name=\"robots\" content=\"index, follow, max-snippet:-1, max-image-preview:large, max-video-preview:-1\" \/>\n<link rel=\"canonical\" href=\"https:\/\/www.suffritti.it\/?p=118\" \/>\n<meta property=\"og:locale\" content=\"it_IT\" \/>\n<meta property=\"og:type\" content=\"article\" \/>\n<meta property=\"og:title\" content=\"Da privato di pure quel che vuoi, con la divisa no - Suffritti.it\" \/>\n<meta property=\"og:description\" content=\"Giunge notizia che il gen. Vannacci sia stato destituito dal ruolo di direttore dell&#8217;IGV e &#8220;messo a disposizione di stato maggiore esercito https:\/\/www.ilpost.it\/2023\/08\/18\/roberto-vannacci-destituito\/ Questo a seguito del fatto che il ...\" \/>\n<meta property=\"og:url\" content=\"https:\/\/www.suffritti.it\/?p=118\" \/>\n<meta property=\"og:site_name\" content=\"Suffritti.it\" \/>\n<meta property=\"article:published_time\" content=\"2023-08-19T11:08:19+00:00\" \/>\n<meta property=\"article:modified_time\" content=\"2023-08-19T15:23:58+00:00\" \/>\n<meta property=\"og:image\" content=\"https:\/\/www.suffritti.it\/wp-content\/uploads\/2023\/08\/1692365724-roberto-vannacci.png\" \/>\n\t<meta property=\"og:image:width\" content=\"1200\" \/>\n\t<meta property=\"og:image:height\" content=\"607\" \/>\n\t<meta property=\"og:image:type\" content=\"image\/png\" \/>\n<meta name=\"author\" content=\"Pietro Suffritti\" \/>\n<meta name=\"twitter:card\" content=\"summary_large_image\" \/>\n<meta name=\"twitter:label1\" content=\"Scritto da\" \/>\n\t<meta name=\"twitter:data1\" content=\"Pietro Suffritti\" \/>\n\t<meta name=\"twitter:label2\" content=\"Tempo di lettura stimato\" \/>\n\t<meta name=\"twitter:data2\" content=\"6 minuti\" \/>\n<script type=\"application\/ld+json\" class=\"yoast-schema-graph\">{\"@context\":\"https:\\\/\\\/schema.org\",\"@graph\":[{\"@type\":\"Article\",\"@id\":\"https:\\\/\\\/www.suffritti.it\\\/?p=118#article\",\"isPartOf\":{\"@id\":\"https:\\\/\\\/www.suffritti.it\\\/?p=118\"},\"author\":{\"name\":\"Pietro Suffritti\",\"@id\":\"https:\\\/\\\/www.suffritti.it\\\/#\\\/schema\\\/person\\\/7d2b80cf72d9701c47de6ad671953fce\"},\"headline\":\"Da privato di pure quel che vuoi, con la divisa no\",\"datePublished\":\"2023-08-19T11:08:19+00:00\",\"dateModified\":\"2023-08-19T15:23:58+00:00\",\"mainEntityOfPage\":{\"@id\":\"https:\\\/\\\/www.suffritti.it\\\/?p=118\"},\"wordCount\":979,\"publisher\":{\"@id\":\"https:\\\/\\\/www.suffritti.it\\\/#\\\/schema\\\/person\\\/7d2b80cf72d9701c47de6ad671953fce\"},\"image\":{\"@id\":\"https:\\\/\\\/www.suffritti.it\\\/?p=118#primaryimage\"},\"thumbnailUrl\":\"https:\\\/\\\/www.suffritti.it\\\/wp-content\\\/uploads\\\/2023\\\/08\\\/1692365724-roberto-vannacci.png\",\"articleSection\":[\"CDCNFNAN\"],\"inLanguage\":\"it-IT\"},{\"@type\":\"WebPage\",\"@id\":\"https:\\\/\\\/www.suffritti.it\\\/?p=118\",\"url\":\"https:\\\/\\\/www.suffritti.it\\\/?p=118\",\"name\":\"Da privato di pure quel che vuoi, con la divisa no - Suffritti.it\",\"isPartOf\":{\"@id\":\"https:\\\/\\\/www.suffritti.it\\\/#website\"},\"primaryImageOfPage\":{\"@id\":\"https:\\\/\\\/www.suffritti.it\\\/?p=118#primaryimage\"},\"image\":{\"@id\":\"https:\\\/\\\/www.suffritti.it\\\/?p=118#primaryimage\"},\"thumbnailUrl\":\"https:\\\/\\\/www.suffritti.it\\\/wp-content\\\/uploads\\\/2023\\\/08\\\/1692365724-roberto-vannacci.png\",\"datePublished\":\"2023-08-19T11:08:19+00:00\",\"dateModified\":\"2023-08-19T15:23:58+00:00\",\"breadcrumb\":{\"@id\":\"https:\\\/\\\/www.suffritti.it\\\/?p=118#breadcrumb\"},\"inLanguage\":\"it-IT\",\"potentialAction\":[{\"@type\":\"ReadAction\",\"target\":[\"https:\\\/\\\/www.suffritti.it\\\/?p=118\"]}]},{\"@type\":\"ImageObject\",\"inLanguage\":\"it-IT\",\"@id\":\"https:\\\/\\\/www.suffritti.it\\\/?p=118#primaryimage\",\"url\":\"https:\\\/\\\/www.suffritti.it\\\/wp-content\\\/uploads\\\/2023\\\/08\\\/1692365724-roberto-vannacci.png\",\"contentUrl\":\"https:\\\/\\\/www.suffritti.it\\\/wp-content\\\/uploads\\\/2023\\\/08\\\/1692365724-roberto-vannacci.png\",\"width\":1200,\"height\":607},{\"@type\":\"BreadcrumbList\",\"@id\":\"https:\\\/\\\/www.suffritti.it\\\/?p=118#breadcrumb\",\"itemListElement\":[{\"@type\":\"ListItem\",\"position\":1,\"name\":\"Home\",\"item\":\"https:\\\/\\\/www.suffritti.it\\\/\"},{\"@type\":\"ListItem\",\"position\":2,\"name\":\"Da privato di pure quel che vuoi, con la divisa no\"}]},{\"@type\":\"WebSite\",\"@id\":\"https:\\\/\\\/www.suffritti.it\\\/#website\",\"url\":\"https:\\\/\\\/www.suffritti.it\\\/\",\"name\":\"Suffritti.it\",\"description\":\"la nostra web-casa\",\"publisher\":{\"@id\":\"https:\\\/\\\/www.suffritti.it\\\/#\\\/schema\\\/person\\\/7d2b80cf72d9701c47de6ad671953fce\"},\"potentialAction\":[{\"@type\":\"SearchAction\",\"target\":{\"@type\":\"EntryPoint\",\"urlTemplate\":\"https:\\\/\\\/www.suffritti.it\\\/?s={search_term_string}\"},\"query-input\":{\"@type\":\"PropertyValueSpecification\",\"valueRequired\":true,\"valueName\":\"search_term_string\"}}],\"inLanguage\":\"it-IT\"},{\"@type\":[\"Person\",\"Organization\"],\"@id\":\"https:\\\/\\\/www.suffritti.it\\\/#\\\/schema\\\/person\\\/7d2b80cf72d9701c47de6ad671953fce\",\"name\":\"Pietro Suffritti\",\"image\":{\"@type\":\"ImageObject\",\"inLanguage\":\"it-IT\",\"@id\":\"https:\\\/\\\/www.suffritti.it\\\/wp-content\\\/uploads\\\/2023\\\/04\\\/PietroSamuraiSmall.png\",\"url\":\"https:\\\/\\\/www.suffritti.it\\\/wp-content\\\/uploads\\\/2023\\\/04\\\/PietroSamuraiSmall.png\",\"contentUrl\":\"https:\\\/\\\/www.suffritti.it\\\/wp-content\\\/uploads\\\/2023\\\/04\\\/PietroSamuraiSmall.png\",\"width\":500,\"height\":500,\"caption\":\"Pietro Suffritti\"},\"logo\":{\"@id\":\"https:\\\/\\\/www.suffritti.it\\\/wp-content\\\/uploads\\\/2023\\\/04\\\/PietroSamuraiSmall.png\"},\"sameAs\":[\"https:\\\/\\\/www.suffritti.it\"],\"url\":\"https:\\\/\\\/www.suffritti.it\\\/?author=1\"}]}<\/script>\n<!-- \/ Yoast SEO plugin. -->","yoast_head_json":{"title":"Da privato di pure quel che vuoi, con la divisa no - Suffritti.it","robots":{"index":"index","follow":"follow","max-snippet":"max-snippet:-1","max-image-preview":"max-image-preview:large","max-video-preview":"max-video-preview:-1"},"canonical":"https:\/\/www.suffritti.it\/?p=118","og_locale":"it_IT","og_type":"article","og_title":"Da privato di pure quel che vuoi, con la divisa no - Suffritti.it","og_description":"Giunge notizia che il gen. Vannacci sia stato destituito dal ruolo di direttore dell&#8217;IGV e &#8220;messo a disposizione di stato maggiore esercito https:\/\/www.ilpost.it\/2023\/08\/18\/roberto-vannacci-destituito\/ Questo a seguito del fatto che il ...","og_url":"https:\/\/www.suffritti.it\/?p=118","og_site_name":"Suffritti.it","article_published_time":"2023-08-19T11:08:19+00:00","article_modified_time":"2023-08-19T15:23:58+00:00","og_image":[{"width":1200,"height":607,"url":"https:\/\/www.suffritti.it\/wp-content\/uploads\/2023\/08\/1692365724-roberto-vannacci.png","type":"image\/png"}],"author":"Pietro Suffritti","twitter_card":"summary_large_image","twitter_misc":{"Scritto da":"Pietro Suffritti","Tempo di lettura stimato":"6 minuti"},"schema":{"@context":"https:\/\/schema.org","@graph":[{"@type":"Article","@id":"https:\/\/www.suffritti.it\/?p=118#article","isPartOf":{"@id":"https:\/\/www.suffritti.it\/?p=118"},"author":{"name":"Pietro Suffritti","@id":"https:\/\/www.suffritti.it\/#\/schema\/person\/7d2b80cf72d9701c47de6ad671953fce"},"headline":"Da privato di pure quel che vuoi, con la divisa no","datePublished":"2023-08-19T11:08:19+00:00","dateModified":"2023-08-19T15:23:58+00:00","mainEntityOfPage":{"@id":"https:\/\/www.suffritti.it\/?p=118"},"wordCount":979,"publisher":{"@id":"https:\/\/www.suffritti.it\/#\/schema\/person\/7d2b80cf72d9701c47de6ad671953fce"},"image":{"@id":"https:\/\/www.suffritti.it\/?p=118#primaryimage"},"thumbnailUrl":"https:\/\/www.suffritti.it\/wp-content\/uploads\/2023\/08\/1692365724-roberto-vannacci.png","articleSection":["CDCNFNAN"],"inLanguage":"it-IT"},{"@type":"WebPage","@id":"https:\/\/www.suffritti.it\/?p=118","url":"https:\/\/www.suffritti.it\/?p=118","name":"Da privato di pure quel che vuoi, con la divisa no - Suffritti.it","isPartOf":{"@id":"https:\/\/www.suffritti.it\/#website"},"primaryImageOfPage":{"@id":"https:\/\/www.suffritti.it\/?p=118#primaryimage"},"image":{"@id":"https:\/\/www.suffritti.it\/?p=118#primaryimage"},"thumbnailUrl":"https:\/\/www.suffritti.it\/wp-content\/uploads\/2023\/08\/1692365724-roberto-vannacci.png","datePublished":"2023-08-19T11:08:19+00:00","dateModified":"2023-08-19T15:23:58+00:00","breadcrumb":{"@id":"https:\/\/www.suffritti.it\/?p=118#breadcrumb"},"inLanguage":"it-IT","potentialAction":[{"@type":"ReadAction","target":["https:\/\/www.suffritti.it\/?p=118"]}]},{"@type":"ImageObject","inLanguage":"it-IT","@id":"https:\/\/www.suffritti.it\/?p=118#primaryimage","url":"https:\/\/www.suffritti.it\/wp-content\/uploads\/2023\/08\/1692365724-roberto-vannacci.png","contentUrl":"https:\/\/www.suffritti.it\/wp-content\/uploads\/2023\/08\/1692365724-roberto-vannacci.png","width":1200,"height":607},{"@type":"BreadcrumbList","@id":"https:\/\/www.suffritti.it\/?p=118#breadcrumb","itemListElement":[{"@type":"ListItem","position":1,"name":"Home","item":"https:\/\/www.suffritti.it\/"},{"@type":"ListItem","position":2,"name":"Da privato di pure quel che vuoi, con la divisa no"}]},{"@type":"WebSite","@id":"https:\/\/www.suffritti.it\/#website","url":"https:\/\/www.suffritti.it\/","name":"Suffritti.it","description":"la nostra web-casa","publisher":{"@id":"https:\/\/www.suffritti.it\/#\/schema\/person\/7d2b80cf72d9701c47de6ad671953fce"},"potentialAction":[{"@type":"SearchAction","target":{"@type":"EntryPoint","urlTemplate":"https:\/\/www.suffritti.it\/?s={search_term_string}"},"query-input":{"@type":"PropertyValueSpecification","valueRequired":true,"valueName":"search_term_string"}}],"inLanguage":"it-IT"},{"@type":["Person","Organization"],"@id":"https:\/\/www.suffritti.it\/#\/schema\/person\/7d2b80cf72d9701c47de6ad671953fce","name":"Pietro Suffritti","image":{"@type":"ImageObject","inLanguage":"it-IT","@id":"https:\/\/www.suffritti.it\/wp-content\/uploads\/2023\/04\/PietroSamuraiSmall.png","url":"https:\/\/www.suffritti.it\/wp-content\/uploads\/2023\/04\/PietroSamuraiSmall.png","contentUrl":"https:\/\/www.suffritti.it\/wp-content\/uploads\/2023\/04\/PietroSamuraiSmall.png","width":500,"height":500,"caption":"Pietro Suffritti"},"logo":{"@id":"https:\/\/www.suffritti.it\/wp-content\/uploads\/2023\/04\/PietroSamuraiSmall.png"},"sameAs":["https:\/\/www.suffritti.it"],"url":"https:\/\/www.suffritti.it\/?author=1"}]}},"_links":{"self":[{"href":"https:\/\/www.suffritti.it\/index.php?rest_route=\/wp\/v2\/posts\/118","targetHints":{"allow":["GET"]}}],"collection":[{"href":"https:\/\/www.suffritti.it\/index.php?rest_route=\/wp\/v2\/posts"}],"about":[{"href":"https:\/\/www.suffritti.it\/index.php?rest_route=\/wp\/v2\/types\/post"}],"author":[{"embeddable":true,"href":"https:\/\/www.suffritti.it\/index.php?rest_route=\/wp\/v2\/users\/1"}],"replies":[{"embeddable":true,"href":"https:\/\/www.suffritti.it\/index.php?rest_route=%2Fwp%2Fv2%2Fcomments&post=118"}],"version-history":[{"count":1,"href":"https:\/\/www.suffritti.it\/index.php?rest_route=\/wp\/v2\/posts\/118\/revisions"}],"predecessor-version":[{"id":119,"href":"https:\/\/www.suffritti.it\/index.php?rest_route=\/wp\/v2\/posts\/118\/revisions\/119"}],"wp:featuredmedia":[{"embeddable":true,"href":"https:\/\/www.suffritti.it\/index.php?rest_route=\/wp\/v2\/media\/117"}],"wp:attachment":[{"href":"https:\/\/www.suffritti.it\/index.php?rest_route=%2Fwp%2Fv2%2Fmedia&parent=118"}],"wp:term":[{"taxonomy":"category","embeddable":true,"href":"https:\/\/www.suffritti.it\/index.php?rest_route=%2Fwp%2Fv2%2Fcategories&post=118"},{"taxonomy":"post_tag","embeddable":true,"href":"https:\/\/www.suffritti.it\/index.php?rest_route=%2Fwp%2Fv2%2Ftags&post=118"}],"curies":[{"name":"wp","href":"https:\/\/api.w.org\/{rel}","templated":true}]}}