{"id":111,"date":"2023-08-18T14:47:05","date_gmt":"2023-08-18T14:47:05","guid":{"rendered":"https:\/\/www.suffritti.it\/?p=111"},"modified":"2023-08-18T14:59:24","modified_gmt":"2023-08-18T14:59:24","slug":"cara-giorgia-soldi-e-non-parole","status":"publish","type":"post","link":"https:\/\/www.suffritti.it\/?p=111","title":{"rendered":"Cara Giorgia, soldi e non parole"},"content":{"rendered":"\n<p>Cara Giorgia, hai rotto. Hai veramente rotto. Ma ci credi tutti stupidi?<\/p>\n\n\n\n<p>Gi\u00e0 il gioco di nominare quel povero cristo del generale Figliuolo dopo che avete passato anni a sputargli in faccia quando risolveva anche per voi il disastro covid \u00e8 stato veramente vomitevole, credete che non si sia capito che il problema della nomina di Bonaccini sia esclusivamente che lo vedete come il prossimo vero nemico politico, e quindi qualsiasi cosa gli dia fastidio va bene?<\/p>\n\n\n\n<p><strong>Ma mentre voi giocate sulla nostra pelle, noi siamo fuori a spalare fango, e la protezione civile non ha i soldi per comprare le tute in tyvek, i guanti da lavoro e riparare i mezzi aib con le pompe a bordo.<\/strong><\/p>\n\n\n\n<p>Come mai? Dici che \u00e8 colpa delle regioni? Che sta alle regioni finanziare i nostri PON di protezione civile?<\/p>\n\n\n\n<p>E alle regioni i soldi chi li deve dare, da quando avete fatto saltare la protezione civile centralizzata di bortolamaso? A cui voi politici prima avete attinto a piene mani, facendo pagare al dipartimento anche i viaggi del papa per l&#8217;Italia, e poi avete gridato allo scandalo quando si \u00e8 scoperto che la bolletta a fine anno era stratosferica!<\/p>\n\n\n\n<p>\u00c8 sempre colpa degli altri, vero? Di una qualche precedente amministrazione.<\/p>\n\n\n\n<p>Che dici, che forse \u00e8 il caso che qualcuno ti ricordi chi c&#8217;era al governo quando Bartolamaso fumava il bilancio come se non ci fosse un domani, o ti ricordi che eravate proprio voi a chiedere alla protezione civile centrale di spendere e spandere, visto che loro &#8220;saltavano i controlli&#8221;?<\/p>\n\n\n\n<p>Poi c&#8217;\u00e8 una questione di credibilit\u00e0 personale. <\/p>\n\n\n\n<p>Vedi, mentre noi eravamo a schiantarci le schiene con la paura che un&#8217;altro paese finisse sott&#8217;acqua, sapevamo SEMPRE dove stava Bonaccini, che in quel periodo deve aver coperto pi\u00f9 o meno qualunque emergenza a costo della regione con la sua firma da presidente.<br>Tu invece ti sei venuta a fare solo il giretto di prammatica, peraltro incasinando Rimini per atterrarci dal Giappone. <\/p>\n\n\n\n<p>Perch\u00e9 si sa, per te in quel momento era pi\u00f9 importante mendicare un incontro per sbaglio con un Biden che ti trattava per quello che avevi detto di essere.<\/p>\n\n\n\n<p>Ma sorvoliamo pure su questo, parliamo di soldi.<\/p>\n\n\n\n<p>Vedi Giorgia, la sfiga di avere avuto il terremoto solo 11 anni fa, \u00e8 che in giro per la regione siamo in parecchi a sapere la differenza tra &#8220;il consiglio dei ministri ha stanziato&#8221; e &#8220;i soldi sono disponibili sui conti a fondo perduto&#8221;.<\/p>\n\n\n\n<p>Ce l&#8217;avete gi\u00e0 messa una volta in bisacchino poco tempo fa, non siamo scemi. <\/p>\n\n\n\n<p>Ricordiamo benissimo SFINGE.<\/p>\n\n\n\n<p><strong>Per cui piantala di fare l&#8217;indignata, che poi ti si appiccica tutta l&#8217;indignazione ovunque, e lavarla \u00e8 un casino.<\/strong><\/p>\n\n\n\n<p>E non ci raccontare nemmeno degli enormi piani fantastici che avete fatto per noi.<\/p>\n\n\n\n<p><strong>In primo luogo perch\u00e9 noi emiliani sappiamo gi\u00e0 come funziona lo stato che ci viene a dare una mano per una calamit\u00e0. Non viene. Noi siamo rossi, noi ci arrangiamo, ci attacchiamo al tram con l&#8217;auito dei nostri vicini, noi da voi neri non vediamo un soldo manco a morire. <\/strong><\/p>\n\n\n\n<p><strong>Son cavoli nostri.<\/strong><\/p>\n\n\n\n<p>E infatti c&#8217;\u00e8 la conferma.<\/p>\n\n\n\n<p>Sbandieri in giro <strong>4,5 miliardi di euro<\/strong> come fossero una cifra strabiliante che lo stato ci ha regalato.<\/p>\n\n\n\n<p><strong>Peccato che non vi sono ancora, e che i danni sono stati stimati in 10,5 miliardi.<\/strong><\/p>\n\n\n\n<p>Ora, non voglio fare il puzzone, ma vogliamo fare due paragoni?<\/p>\n\n\n\n<p><strong>Sul terremoto di l&#8217;aquila i dati di aprile 2020 dicevano che a 11 anni di distanza dei 17,7 miliardi stanziati per la ricostruzione ne avevano spesi solo 12,7<\/strong>, circa il 72%, e che ci\u00f2 che ancora si trascinava come al solito \u00e8 la ricostruzione pubblica.<\/p>\n\n\n\n<p>Anche <strong>quest&#8217;anno<\/strong>, per non farci mancare nulla, il pc-sisma ha stanziato <strong>per l&#8217;aquila oltre 120 milioni aggiuntivi <\/strong>(fonte openpolis 3 aprile 2023)<\/p>\n\n\n\n<p><strong>Ma quant&#8217;era la stima dei danni del terremoto dell&#8217;aquila?<\/strong><\/p>\n\n\n\n<p>Secondo Wikipedia, poco pi\u00f9 di <strong>10 miliardi <\/strong>di euro.<\/p>\n\n\n\n<p>Quindi gli aquilani a fronte di 10 miliardi di danni ne hanno ricevuti 17,7 in costante aumento, mentre i romagnoli a fronte di 10,5 si sentono dire di non rompere i coglioni, che \u00e8 colpa della Regione, perch\u00e9 il consiglio dei ministri, in seduta in pompa magna, che ne ha assegnati 4,5<\/p>\n\n\n\n<p>Va bene, lo sappiamo, ci dobbiamo arrangiare anche stavolta per i cavoli nostri.<\/p>\n\n\n\n<p>Ma almeno non azzardarti a fare la figura di quella che protesta, perch\u00e9 hai veramente rotto.<\/p>\n\n\n\n<p>Lo so che non sai cosa sia la vergogna, ma stai esagerando.<\/p>\n","protected":false},"excerpt":{"rendered":"<p>Cara Giorgia, hai rotto. Hai veramente rotto. Ma ci credi tutti stupidi? Gi\u00e0 il gioco di nominare quel povero cristo del generale Figliuolo dopo che avete passato anni a sputargli &#8230;<\/p>\n","protected":false},"author":1,"featured_media":113,"comment_status":"closed","ping_status":"open","sticky":false,"template":"","format":"standard","meta":{"footnotes":""},"categories":[44],"tags":[],"class_list":["post-111","post","type-post","status-publish","format-standard","has-post-thumbnail","hentry","category-cdcnfnan"],"yoast_head":"<!-- This site is optimized with the Yoast SEO plugin v27.5 - https:\/\/yoast.com\/product\/yoast-seo-wordpress\/ -->\n<title>Cara Giorgia, soldi e non parole - Suffritti.it<\/title>\n<meta name=\"robots\" content=\"index, follow, max-snippet:-1, max-image-preview:large, max-video-preview:-1\" \/>\n<link rel=\"canonical\" href=\"https:\/\/www.suffritti.it\/?p=111\" \/>\n<meta property=\"og:locale\" content=\"it_IT\" \/>\n<meta property=\"og:type\" content=\"article\" \/>\n<meta property=\"og:title\" content=\"Cara Giorgia, soldi e non parole - Suffritti.it\" \/>\n<meta property=\"og:description\" content=\"Cara Giorgia, hai rotto. Hai veramente rotto. Ma ci credi tutti stupidi? Gi\u00e0 il gioco di nominare quel povero cristo del generale Figliuolo dopo che avete passato anni a sputargli ...\" \/>\n<meta property=\"og:url\" content=\"https:\/\/www.suffritti.it\/?p=111\" \/>\n<meta property=\"og:site_name\" content=\"Suffritti.it\" \/>\n<meta property=\"article:published_time\" content=\"2023-08-18T14:47:05+00:00\" \/>\n<meta property=\"article:modified_time\" content=\"2023-08-18T14:59:24+00:00\" \/>\n<meta property=\"og:image\" content=\"https:\/\/www.suffritti.it\/wp-content\/uploads\/2023\/08\/giorgia-meloni-e-stefano-bonaccini.webp\" \/>\n\t<meta property=\"og:image:width\" content=\"1102\" \/>\n\t<meta property=\"og:image:height\" content=\"619\" \/>\n\t<meta property=\"og:image:type\" content=\"image\/webp\" \/>\n<meta name=\"author\" content=\"Pietro Suffritti\" \/>\n<meta name=\"twitter:card\" content=\"summary_large_image\" \/>\n<meta name=\"twitter:label1\" content=\"Scritto da\" \/>\n\t<meta name=\"twitter:data1\" content=\"Pietro Suffritti\" \/>\n\t<meta name=\"twitter:label2\" content=\"Tempo di lettura stimato\" \/>\n\t<meta name=\"twitter:data2\" content=\"4 minuti\" \/>\n<script type=\"application\/ld+json\" class=\"yoast-schema-graph\">{\"@context\":\"https:\\\/\\\/schema.org\",\"@graph\":[{\"@type\":\"Article\",\"@id\":\"https:\\\/\\\/www.suffritti.it\\\/?p=111#article\",\"isPartOf\":{\"@id\":\"https:\\\/\\\/www.suffritti.it\\\/?p=111\"},\"author\":{\"name\":\"Pietro Suffritti\",\"@id\":\"https:\\\/\\\/www.suffritti.it\\\/#\\\/schema\\\/person\\\/7d2b80cf72d9701c47de6ad671953fce\"},\"headline\":\"Cara Giorgia, soldi e non parole\",\"datePublished\":\"2023-08-18T14:47:05+00:00\",\"dateModified\":\"2023-08-18T14:59:24+00:00\",\"mainEntityOfPage\":{\"@id\":\"https:\\\/\\\/www.suffritti.it\\\/?p=111\"},\"wordCount\":732,\"publisher\":{\"@id\":\"https:\\\/\\\/www.suffritti.it\\\/#\\\/schema\\\/person\\\/7d2b80cf72d9701c47de6ad671953fce\"},\"image\":{\"@id\":\"https:\\\/\\\/www.suffritti.it\\\/?p=111#primaryimage\"},\"thumbnailUrl\":\"https:\\\/\\\/www.suffritti.it\\\/wp-content\\\/uploads\\\/2023\\\/08\\\/giorgia-meloni-e-stefano-bonaccini.webp\",\"articleSection\":[\"CDCNFNAN\"],\"inLanguage\":\"it-IT\"},{\"@type\":\"WebPage\",\"@id\":\"https:\\\/\\\/www.suffritti.it\\\/?p=111\",\"url\":\"https:\\\/\\\/www.suffritti.it\\\/?p=111\",\"name\":\"Cara Giorgia, soldi e non parole - Suffritti.it\",\"isPartOf\":{\"@id\":\"https:\\\/\\\/www.suffritti.it\\\/#website\"},\"primaryImageOfPage\":{\"@id\":\"https:\\\/\\\/www.suffritti.it\\\/?p=111#primaryimage\"},\"image\":{\"@id\":\"https:\\\/\\\/www.suffritti.it\\\/?p=111#primaryimage\"},\"thumbnailUrl\":\"https:\\\/\\\/www.suffritti.it\\\/wp-content\\\/uploads\\\/2023\\\/08\\\/giorgia-meloni-e-stefano-bonaccini.webp\",\"datePublished\":\"2023-08-18T14:47:05+00:00\",\"dateModified\":\"2023-08-18T14:59:24+00:00\",\"breadcrumb\":{\"@id\":\"https:\\\/\\\/www.suffritti.it\\\/?p=111#breadcrumb\"},\"inLanguage\":\"it-IT\",\"potentialAction\":[{\"@type\":\"ReadAction\",\"target\":[\"https:\\\/\\\/www.suffritti.it\\\/?p=111\"]}]},{\"@type\":\"ImageObject\",\"inLanguage\":\"it-IT\",\"@id\":\"https:\\\/\\\/www.suffritti.it\\\/?p=111#primaryimage\",\"url\":\"https:\\\/\\\/www.suffritti.it\\\/wp-content\\\/uploads\\\/2023\\\/08\\\/giorgia-meloni-e-stefano-bonaccini.webp\",\"contentUrl\":\"https:\\\/\\\/www.suffritti.it\\\/wp-content\\\/uploads\\\/2023\\\/08\\\/giorgia-meloni-e-stefano-bonaccini.webp\",\"width\":1102,\"height\":619},{\"@type\":\"BreadcrumbList\",\"@id\":\"https:\\\/\\\/www.suffritti.it\\\/?p=111#breadcrumb\",\"itemListElement\":[{\"@type\":\"ListItem\",\"position\":1,\"name\":\"Home\",\"item\":\"https:\\\/\\\/www.suffritti.it\\\/\"},{\"@type\":\"ListItem\",\"position\":2,\"name\":\"Cara Giorgia, soldi e non parole\"}]},{\"@type\":\"WebSite\",\"@id\":\"https:\\\/\\\/www.suffritti.it\\\/#website\",\"url\":\"https:\\\/\\\/www.suffritti.it\\\/\",\"name\":\"Suffritti.it\",\"description\":\"la nostra web-casa\",\"publisher\":{\"@id\":\"https:\\\/\\\/www.suffritti.it\\\/#\\\/schema\\\/person\\\/7d2b80cf72d9701c47de6ad671953fce\"},\"potentialAction\":[{\"@type\":\"SearchAction\",\"target\":{\"@type\":\"EntryPoint\",\"urlTemplate\":\"https:\\\/\\\/www.suffritti.it\\\/?s={search_term_string}\"},\"query-input\":{\"@type\":\"PropertyValueSpecification\",\"valueRequired\":true,\"valueName\":\"search_term_string\"}}],\"inLanguage\":\"it-IT\"},{\"@type\":[\"Person\",\"Organization\"],\"@id\":\"https:\\\/\\\/www.suffritti.it\\\/#\\\/schema\\\/person\\\/7d2b80cf72d9701c47de6ad671953fce\",\"name\":\"Pietro Suffritti\",\"image\":{\"@type\":\"ImageObject\",\"inLanguage\":\"it-IT\",\"@id\":\"https:\\\/\\\/www.suffritti.it\\\/wp-content\\\/uploads\\\/2023\\\/04\\\/PietroSamuraiSmall.png\",\"url\":\"https:\\\/\\\/www.suffritti.it\\\/wp-content\\\/uploads\\\/2023\\\/04\\\/PietroSamuraiSmall.png\",\"contentUrl\":\"https:\\\/\\\/www.suffritti.it\\\/wp-content\\\/uploads\\\/2023\\\/04\\\/PietroSamuraiSmall.png\",\"width\":500,\"height\":500,\"caption\":\"Pietro Suffritti\"},\"logo\":{\"@id\":\"https:\\\/\\\/www.suffritti.it\\\/wp-content\\\/uploads\\\/2023\\\/04\\\/PietroSamuraiSmall.png\"},\"sameAs\":[\"https:\\\/\\\/www.suffritti.it\"],\"url\":\"https:\\\/\\\/www.suffritti.it\\\/?author=1\"}]}<\/script>\n<!-- \/ Yoast SEO plugin. -->","yoast_head_json":{"title":"Cara Giorgia, soldi e non parole - Suffritti.it","robots":{"index":"index","follow":"follow","max-snippet":"max-snippet:-1","max-image-preview":"max-image-preview:large","max-video-preview":"max-video-preview:-1"},"canonical":"https:\/\/www.suffritti.it\/?p=111","og_locale":"it_IT","og_type":"article","og_title":"Cara Giorgia, soldi e non parole - Suffritti.it","og_description":"Cara Giorgia, hai rotto. Hai veramente rotto. Ma ci credi tutti stupidi? Gi\u00e0 il gioco di nominare quel povero cristo del generale Figliuolo dopo che avete passato anni a sputargli ...","og_url":"https:\/\/www.suffritti.it\/?p=111","og_site_name":"Suffritti.it","article_published_time":"2023-08-18T14:47:05+00:00","article_modified_time":"2023-08-18T14:59:24+00:00","og_image":[{"width":1102,"height":619,"url":"https:\/\/www.suffritti.it\/wp-content\/uploads\/2023\/08\/giorgia-meloni-e-stefano-bonaccini.webp","type":"image\/webp"}],"author":"Pietro Suffritti","twitter_card":"summary_large_image","twitter_misc":{"Scritto da":"Pietro Suffritti","Tempo di lettura stimato":"4 minuti"},"schema":{"@context":"https:\/\/schema.org","@graph":[{"@type":"Article","@id":"https:\/\/www.suffritti.it\/?p=111#article","isPartOf":{"@id":"https:\/\/www.suffritti.it\/?p=111"},"author":{"name":"Pietro Suffritti","@id":"https:\/\/www.suffritti.it\/#\/schema\/person\/7d2b80cf72d9701c47de6ad671953fce"},"headline":"Cara Giorgia, soldi e non parole","datePublished":"2023-08-18T14:47:05+00:00","dateModified":"2023-08-18T14:59:24+00:00","mainEntityOfPage":{"@id":"https:\/\/www.suffritti.it\/?p=111"},"wordCount":732,"publisher":{"@id":"https:\/\/www.suffritti.it\/#\/schema\/person\/7d2b80cf72d9701c47de6ad671953fce"},"image":{"@id":"https:\/\/www.suffritti.it\/?p=111#primaryimage"},"thumbnailUrl":"https:\/\/www.suffritti.it\/wp-content\/uploads\/2023\/08\/giorgia-meloni-e-stefano-bonaccini.webp","articleSection":["CDCNFNAN"],"inLanguage":"it-IT"},{"@type":"WebPage","@id":"https:\/\/www.suffritti.it\/?p=111","url":"https:\/\/www.suffritti.it\/?p=111","name":"Cara Giorgia, soldi e non parole - Suffritti.it","isPartOf":{"@id":"https:\/\/www.suffritti.it\/#website"},"primaryImageOfPage":{"@id":"https:\/\/www.suffritti.it\/?p=111#primaryimage"},"image":{"@id":"https:\/\/www.suffritti.it\/?p=111#primaryimage"},"thumbnailUrl":"https:\/\/www.suffritti.it\/wp-content\/uploads\/2023\/08\/giorgia-meloni-e-stefano-bonaccini.webp","datePublished":"2023-08-18T14:47:05+00:00","dateModified":"2023-08-18T14:59:24+00:00","breadcrumb":{"@id":"https:\/\/www.suffritti.it\/?p=111#breadcrumb"},"inLanguage":"it-IT","potentialAction":[{"@type":"ReadAction","target":["https:\/\/www.suffritti.it\/?p=111"]}]},{"@type":"ImageObject","inLanguage":"it-IT","@id":"https:\/\/www.suffritti.it\/?p=111#primaryimage","url":"https:\/\/www.suffritti.it\/wp-content\/uploads\/2023\/08\/giorgia-meloni-e-stefano-bonaccini.webp","contentUrl":"https:\/\/www.suffritti.it\/wp-content\/uploads\/2023\/08\/giorgia-meloni-e-stefano-bonaccini.webp","width":1102,"height":619},{"@type":"BreadcrumbList","@id":"https:\/\/www.suffritti.it\/?p=111#breadcrumb","itemListElement":[{"@type":"ListItem","position":1,"name":"Home","item":"https:\/\/www.suffritti.it\/"},{"@type":"ListItem","position":2,"name":"Cara Giorgia, soldi e non parole"}]},{"@type":"WebSite","@id":"https:\/\/www.suffritti.it\/#website","url":"https:\/\/www.suffritti.it\/","name":"Suffritti.it","description":"la nostra web-casa","publisher":{"@id":"https:\/\/www.suffritti.it\/#\/schema\/person\/7d2b80cf72d9701c47de6ad671953fce"},"potentialAction":[{"@type":"SearchAction","target":{"@type":"EntryPoint","urlTemplate":"https:\/\/www.suffritti.it\/?s={search_term_string}"},"query-input":{"@type":"PropertyValueSpecification","valueRequired":true,"valueName":"search_term_string"}}],"inLanguage":"it-IT"},{"@type":["Person","Organization"],"@id":"https:\/\/www.suffritti.it\/#\/schema\/person\/7d2b80cf72d9701c47de6ad671953fce","name":"Pietro Suffritti","image":{"@type":"ImageObject","inLanguage":"it-IT","@id":"https:\/\/www.suffritti.it\/wp-content\/uploads\/2023\/04\/PietroSamuraiSmall.png","url":"https:\/\/www.suffritti.it\/wp-content\/uploads\/2023\/04\/PietroSamuraiSmall.png","contentUrl":"https:\/\/www.suffritti.it\/wp-content\/uploads\/2023\/04\/PietroSamuraiSmall.png","width":500,"height":500,"caption":"Pietro Suffritti"},"logo":{"@id":"https:\/\/www.suffritti.it\/wp-content\/uploads\/2023\/04\/PietroSamuraiSmall.png"},"sameAs":["https:\/\/www.suffritti.it"],"url":"https:\/\/www.suffritti.it\/?author=1"}]}},"_links":{"self":[{"href":"https:\/\/www.suffritti.it\/index.php?rest_route=\/wp\/v2\/posts\/111","targetHints":{"allow":["GET"]}}],"collection":[{"href":"https:\/\/www.suffritti.it\/index.php?rest_route=\/wp\/v2\/posts"}],"about":[{"href":"https:\/\/www.suffritti.it\/index.php?rest_route=\/wp\/v2\/types\/post"}],"author":[{"embeddable":true,"href":"https:\/\/www.suffritti.it\/index.php?rest_route=\/wp\/v2\/users\/1"}],"replies":[{"embeddable":true,"href":"https:\/\/www.suffritti.it\/index.php?rest_route=%2Fwp%2Fv2%2Fcomments&post=111"}],"version-history":[{"count":3,"href":"https:\/\/www.suffritti.it\/index.php?rest_route=\/wp\/v2\/posts\/111\/revisions"}],"predecessor-version":[{"id":116,"href":"https:\/\/www.suffritti.it\/index.php?rest_route=\/wp\/v2\/posts\/111\/revisions\/116"}],"wp:featuredmedia":[{"embeddable":true,"href":"https:\/\/www.suffritti.it\/index.php?rest_route=\/wp\/v2\/media\/113"}],"wp:attachment":[{"href":"https:\/\/www.suffritti.it\/index.php?rest_route=%2Fwp%2Fv2%2Fmedia&parent=111"}],"wp:term":[{"taxonomy":"category","embeddable":true,"href":"https:\/\/www.suffritti.it\/index.php?rest_route=%2Fwp%2Fv2%2Fcategories&post=111"},{"taxonomy":"post_tag","embeddable":true,"href":"https:\/\/www.suffritti.it\/index.php?rest_route=%2Fwp%2Fv2%2Ftags&post=111"}],"curies":[{"name":"wp","href":"https:\/\/api.w.org\/{rel}","templated":true}]}}